{"id":315,"date":"2022-03-02T10:05:22","date_gmt":"2022-03-02T09:05:22","guid":{"rendered":"https:\/\/www.haraldsplass.org\/barnevern\/?p=315"},"modified":"2022-03-03T14:51:15","modified_gmt":"2022-03-03T13:51:15","slug":"vi-trenger-flere-medarbeidere","status":"publish","type":"post","link":"https:\/\/www.haraldsplass.org\/barnevern\/2022\/03\/02\/vi-trenger-flere-medarbeidere\/","title":{"rendered":"Vi trenger flere medarbeidere!"},"content":{"rendered":"[vc_row type=&raquo;in_container&raquo; full_screen_row_position=&raquo;middle&raquo; scene_position=&raquo;center&raquo; text_color=&raquo;dark&raquo; text_align=&raquo;left&raquo; overlay_strength=&raquo;0.3&#8243; shape_divider_position=&raquo;bottom&raquo;][vc_column column_padding=&raquo;no-extra-padding&raquo; column_padding_position=&raquo;all&raquo; background_color_opacity=&raquo;1&#8243; background_hover_color_opacity=&raquo;1&#8243; column_shadow=&raquo;none&raquo; column_border_radius=&raquo;none&raquo; width=&raquo;1\/1&#8243; tablet_text_alignment=&raquo;default&raquo; phone_text_alignment=&raquo;default&raquo; column_border_width=&raquo;none&raquo; column_border_style=&raquo;solid&raquo;][vc_column_text]\n<h3><strong>Haraldsplass Barnevern er i utvikling og vekst. Vi s\u00f8ker n\u00e5 milj\u00f8terapeuter som vil arbeide sammen med oss og v\u00e6re en del av et utviklinde og spennende arbeidsmilj\u00f8. Har du lyst \u00e5 v\u00e6re med oss p\u00e5 laget? S\u00f8k da vel!<\/strong><\/h3>\n<p>F\u00f8lg lenken og ta en n\u00e6rmere titt p\u00e5 Haraldsplass Barnevern sin stillingsutlysning:<\/p>\n<p>https:\/\/www.facebook.com\/Yrkesfokus\/posts\/2900875510172981<\/p>\n[\/vc_column_text][divider line_type=&raquo;No Line&raquo; custom_height=&raquo;20&#8243;][vc_column_text][\/vc_column_text][divider line_type=&raquo;No Line&raquo; custom_height=&raquo;40&#8243;][nectar_btn size=&raquo;medium&raquo; button_style=&raquo;regular&raquo; button_color_2=&raquo;Accent-Color&raquo; icon_family=&raquo;none&raquo; url=&raquo;https:\/\/eur01.safelinks.protection.outlook.com\/?url=https%3A%2F%2Fwww.facebook.com%2FYrkesfokus%2Fposts%2F2900875510172981&amp;data=04%7C01%7Casby%40hk.haraldsplass.no%7Cd42a3d0b2a8f4f20445308d9fc23ea66%7C9394590066ea42f8b0a18be9988638a1%7C0%7C0%7C637818053453661162%7CUnknown%7CTWFpbGZsb3d8eyJWIjoiMC4wLjAwMDAiLCJQIjoiV2luMzIiLCJBTiI6Ik1haWwiLCJXVCI6Mn0%3D%7C3000&amp;sdata=w9Xg8bhndbYTGputq9azJgYacY1kg8G%2B7VCSWhCQPqQ%3D&amp;reserved=0&#8243; text=&raquo;Lenke til en annen side&raquo;][\/vc_column][\/vc_row][vc_row type=&raquo;in_container&raquo; full_screen_row_position=&raquo;middle&raquo; scene_position=&raquo;center&raquo; text_color=&raquo;dark&raquo; text_align=&raquo;left&raquo; overlay_strength=&raquo;0.3&#8243; shape_divider_position=&raquo;bottom&raquo;][vc_column column_padding=&raquo;no-extra-padding&raquo; column_padding_position=&raquo;all&raquo; background_color_opacity=&raquo;1&#8243; background_hover_color_opacity=&raquo;1&#8243; column_shadow=&raquo;none&raquo; column_border_radius=&raquo;none&raquo; width=&raquo;1\/1&#8243; tablet_text_alignment=&raquo;default&raquo; phone_text_alignment=&raquo;default&raquo; column_border_width=&raquo;none&raquo; column_border_style=&raquo;solid&raquo;][divider line_type=&raquo;Full Width Line&raquo; line_thickness=&raquo;1&#8243; divider_color=&raquo;default&raquo;][vc_column_text el_class=&raquo;footage-credit&raquo;]FOTO: Haraldsplass barnevern. Illustrasjon[\/vc_column_text][divider line_type=&raquo;Full Width Line&raquo; line_thickness=&raquo;1&#8243; divider_color=&raquo;default&raquo;][\/vc_column][\/vc_row]\n","protected":false},"excerpt":{"rendered":"<p>[vc_row type=&raquo;in_container&raquo; full_screen_row_position=&raquo;middle&raquo; scene_position=&raquo;center&raquo; text_color=&raquo;dark&raquo; text_align=&raquo;left&raquo; overlay_strength=&raquo;0.3&#8243; shape_divider_position=&raquo;bottom&raquo;][vc_column column_padding=&raquo;no-extra-padding&raquo; column_padding_position=&raquo;all&raquo; background_color_opacity=&raquo;1&#8243; background_hover_color_opacity=&raquo;1&#8243; column_shadow=&raquo;none&raquo; column_border_radius=&raquo;none&raquo; width=&raquo;1\/1&#8243; tablet_text_alignment=&raquo;default&raquo; phone_text_alignment=&raquo;default&raquo; column_border_width=&raquo;none&raquo; column_border_style=&raquo;solid&raquo;][vc_column_text] Haraldsplass&#8230;<\/p>\n","protected":false},"author":23,"featured_media":208,"comment_status":"open","ping_status":"open","sticky":false,"template":"","format":"standard","meta":{"footnotes":""},"categories":[1,14],"tags":[],"class_list":["post-315","post","type-post","status-publish","format-standard","has-post-thumbnail","category-aktuelt","category-ledig-stillinger"],"yoast_head":"<!-- This site is optimized with the Yoast SEO plugin v27.3 - https:\/\/yoast.com\/product\/yoast-seo-wordpress\/ -->\n<title>Vi trenger flere medarbeidere! - Haraldsplass Barnevern<\/title>\n<meta name=\"robots\" content=\"index, follow, max-snippet:-1, max-image-preview:large, max-video-preview:-1\" \/>\n<link rel=\"canonical\" href=\"https:\/\/www.haraldsplass.org\/barnevern\/2022\/03\/02\/vi-trenger-flere-medarbeidere\/\" \/>\n<meta property=\"og:locale\" content=\"nb_NO\" \/>\n<meta property=\"og:type\" content=\"article\" \/>\n<meta property=\"og:title\" content=\"Vi trenger flere medarbeidere! - Haraldsplass Barnevern\" \/>\n<meta property=\"og:description\" content=\"[vc_row type=&raquo;in_container&raquo; full_screen_row_position=&raquo;middle&raquo; scene_position=&raquo;center&raquo; text_color=&raquo;dark&raquo; text_align=&raquo;left&raquo; overlay_strength=&raquo;0.3&#8243; shape_divider_position=&raquo;bottom&raquo;][vc_column column_padding=&raquo;no-extra-padding&raquo; column_padding_position=&raquo;all&raquo; background_color_opacity=&raquo;1&#8243; background_hover_color_opacity=&raquo;1&#8243; column_shadow=&raquo;none&raquo; column_border_radius=&raquo;none&raquo; width=&raquo;1\/1&#8243; tablet_text_alignment=&raquo;default&raquo; phone_text_alignment=&raquo;default&raquo; column_border_width=&raquo;none&raquo; column_border_style=&raquo;solid&raquo;][vc_column_text] Haraldsplass...\" \/>\n<meta property=\"og:url\" content=\"https:\/\/www.haraldsplass.org\/barnevern\/2022\/03\/02\/vi-trenger-flere-medarbeidere\/\" \/>\n<meta property=\"og:site_name\" content=\"Haraldsplass Barnevern\" \/>\n<meta property=\"article:published_time\" content=\"2022-03-02T09:05:22+00:00\" \/>\n<meta property=\"article:modified_time\" content=\"2022-03-03T13:51:15+00:00\" \/>\n<meta property=\"og:image\" content=\"http:\/\/www.haraldsplass.org\/barnevern\/wp-content\/uploads\/sites\/2\/2018\/05\/Unterricht-drau\u00dfen-auf-dem-Schulhof-e1525862684525.jpeg\" \/>\n\t<meta property=\"og:image:width\" content=\"1920\" \/>\n\t<meta property=\"og:image:height\" content=\"1280\" \/>\n\t<meta property=\"og:image:type\" content=\"image\/jpeg\" \/>\n<meta name=\"author\" content=\"Astrid Aarhus Byrknes\" \/>\n<meta name=\"twitter:card\" content=\"summary_large_image\" \/>\n<meta name=\"twitter:label1\" content=\"Skrevet av\" \/>\n\t<meta name=\"twitter:data1\" content=\"Astrid Aarhus Byrknes\" \/>\n\t<meta name=\"twitter:label2\" content=\"Ansl. lesetid\" \/>\n\t<meta name=\"twitter:data2\" content=\"1 minutt\" \/>\n<script type=\"application\/ld+json\" class=\"yoast-schema-graph\">{\"@context\":\"https:\\\/\\\/schema.org\",\"@graph\":[{\"@type\":\"Article\",\"@id\":\"https:\\\/\\\/www.haraldsplass.org\\\/barnevern\\\/2022\\\/03\\\/02\\\/vi-trenger-flere-medarbeidere\\\/#article\",\"isPartOf\":{\"@id\":\"https:\\\/\\\/www.haraldsplass.org\\\/barnevern\\\/2022\\\/03\\\/02\\\/vi-trenger-flere-medarbeidere\\\/\"},\"author\":{\"name\":\"Astrid Aarhus Byrknes\",\"@id\":\"https:\\\/\\\/www.haraldsplass.org\\\/barnevern\\\/#\\\/schema\\\/person\\\/54aabc1a62872e3a619a0bc555d72d9c\"},\"headline\":\"Vi trenger flere medarbeidere!\",\"datePublished\":\"2022-03-02T09:05:22+00:00\",\"dateModified\":\"2022-03-03T13:51:15+00:00\",\"mainEntityOfPage\":{\"@id\":\"https:\\\/\\\/www.haraldsplass.org\\\/barnevern\\\/2022\\\/03\\\/02\\\/vi-trenger-flere-medarbeidere\\\/\"},\"wordCount\":353,\"commentCount\":0,\"image\":{\"@id\":\"https:\\\/\\\/www.haraldsplass.org\\\/barnevern\\\/2022\\\/03\\\/02\\\/vi-trenger-flere-medarbeidere\\\/#primaryimage\"},\"thumbnailUrl\":\"https:\\\/\\\/www.haraldsplass.org\\\/barnevern\\\/wp-content\\\/uploads\\\/sites\\\/2\\\/2018\\\/05\\\/Unterricht-drau\u00dfen-auf-dem-Schulhof-e1525862684525.jpeg\",\"articleSection\":[\"Aktuelt\",\"Ledig stillinger\"],\"inLanguage\":\"nb-NO\",\"potentialAction\":[{\"@type\":\"CommentAction\",\"name\":\"Comment\",\"target\":[\"https:\\\/\\\/www.haraldsplass.org\\\/barnevern\\\/2022\\\/03\\\/02\\\/vi-trenger-flere-medarbeidere\\\/#respond\"]}]},{\"@type\":\"WebPage\",\"@id\":\"https:\\\/\\\/www.haraldsplass.org\\\/barnevern\\\/2022\\\/03\\\/02\\\/vi-trenger-flere-medarbeidere\\\/\",\"url\":\"https:\\\/\\\/www.haraldsplass.org\\\/barnevern\\\/2022\\\/03\\\/02\\\/vi-trenger-flere-medarbeidere\\\/\",\"name\":\"Vi trenger flere medarbeidere! - Haraldsplass Barnevern\",\"isPartOf\":{\"@id\":\"https:\\\/\\\/www.haraldsplass.org\\\/barnevern\\\/#website\"},\"primaryImageOfPage\":{\"@id\":\"https:\\\/\\\/www.haraldsplass.org\\\/barnevern\\\/2022\\\/03\\\/02\\\/vi-trenger-flere-medarbeidere\\\/#primaryimage\"},\"image\":{\"@id\":\"https:\\\/\\\/www.haraldsplass.org\\\/barnevern\\\/2022\\\/03\\\/02\\\/vi-trenger-flere-medarbeidere\\\/#primaryimage\"},\"thumbnailUrl\":\"https:\\\/\\\/www.haraldsplass.org\\\/barnevern\\\/wp-content\\\/uploads\\\/sites\\\/2\\\/2018\\\/05\\\/Unterricht-drau\u00dfen-auf-dem-Schulhof-e1525862684525.jpeg\",\"datePublished\":\"2022-03-02T09:05:22+00:00\",\"dateModified\":\"2022-03-03T13:51:15+00:00\",\"author\":{\"@id\":\"https:\\\/\\\/www.haraldsplass.org\\\/barnevern\\\/#\\\/schema\\\/person\\\/54aabc1a62872e3a619a0bc555d72d9c\"},\"breadcrumb\":{\"@id\":\"https:\\\/\\\/www.haraldsplass.org\\\/barnevern\\\/2022\\\/03\\\/02\\\/vi-trenger-flere-medarbeidere\\\/#breadcrumb\"},\"inLanguage\":\"nb-NO\",\"potentialAction\":[{\"@type\":\"ReadAction\",\"target\":[\"https:\\\/\\\/www.haraldsplass.org\\\/barnevern\\\/2022\\\/03\\\/02\\\/vi-trenger-flere-medarbeidere\\\/\"]}]},{\"@type\":\"ImageObject\",\"inLanguage\":\"nb-NO\",\"@id\":\"https:\\\/\\\/www.haraldsplass.org\\\/barnevern\\\/2022\\\/03\\\/02\\\/vi-trenger-flere-medarbeidere\\\/#primaryimage\",\"url\":\"https:\\\/\\\/www.haraldsplass.org\\\/barnevern\\\/wp-content\\\/uploads\\\/sites\\\/2\\\/2018\\\/05\\\/Unterricht-drau\u00dfen-auf-dem-Schulhof-e1525862684525.jpeg\",\"contentUrl\":\"https:\\\/\\\/www.haraldsplass.org\\\/barnevern\\\/wp-content\\\/uploads\\\/sites\\\/2\\\/2018\\\/05\\\/Unterricht-drau\u00dfen-auf-dem-Schulhof-e1525862684525.jpeg\",\"width\":1920,\"height\":1280},{\"@type\":\"BreadcrumbList\",\"@id\":\"https:\\\/\\\/www.haraldsplass.org\\\/barnevern\\\/2022\\\/03\\\/02\\\/vi-trenger-flere-medarbeidere\\\/#breadcrumb\",\"itemListElement\":[{\"@type\":\"ListItem\",\"position\":1,\"name\":\"Hjem\",\"item\":\"https:\\\/\\\/www.haraldsplass.org\\\/barnevern\\\/\"},{\"@type\":\"ListItem\",\"position\":2,\"name\":\"Vi trenger flere medarbeidere!\"}]},{\"@type\":\"WebSite\",\"@id\":\"https:\\\/\\\/www.haraldsplass.org\\\/barnevern\\\/#website\",\"url\":\"https:\\\/\\\/www.haraldsplass.org\\\/barnevern\\\/\",\"name\":\"Haraldsplass Barnevern\",\"description\":\"\",\"potentialAction\":[{\"@type\":\"SearchAction\",\"target\":{\"@type\":\"EntryPoint\",\"urlTemplate\":\"https:\\\/\\\/www.haraldsplass.org\\\/barnevern\\\/?s={search_term_string}\"},\"query-input\":{\"@type\":\"PropertyValueSpecification\",\"valueRequired\":true,\"valueName\":\"search_term_string\"}}],\"inLanguage\":\"nb-NO\"},{\"@type\":\"Person\",\"@id\":\"https:\\\/\\\/www.haraldsplass.org\\\/barnevern\\\/#\\\/schema\\\/person\\\/54aabc1a62872e3a619a0bc555d72d9c\",\"name\":\"Astrid Aarhus Byrknes\",\"image\":{\"@type\":\"ImageObject\",\"inLanguage\":\"nb-NO\",\"@id\":\"https:\\\/\\\/secure.gravatar.com\\\/avatar\\\/6233dd1e68326aa3f1381b24b8fc56966680b9e8f2e97c325ca369df53ac2cf2?s=96&d=mm&r=g\",\"url\":\"https:\\\/\\\/secure.gravatar.com\\\/avatar\\\/6233dd1e68326aa3f1381b24b8fc56966680b9e8f2e97c325ca369df53ac2cf2?s=96&d=mm&r=g\",\"contentUrl\":\"https:\\\/\\\/secure.gravatar.com\\\/avatar\\\/6233dd1e68326aa3f1381b24b8fc56966680b9e8f2e97c325ca369df53ac2cf2?s=96&d=mm&r=g\",\"caption\":\"Astrid Aarhus Byrknes\"}}]}<\/script>\n<!-- \/ Yoast SEO plugin. -->","yoast_head_json":{"title":"Vi trenger flere medarbeidere! - Haraldsplass Barnevern","robots":{"index":"index","follow":"follow","max-snippet":"max-snippet:-1","max-image-preview":"max-image-preview:large","max-video-preview":"max-video-preview:-1"},"canonical":"https:\/\/www.haraldsplass.org\/barnevern\/2022\/03\/02\/vi-trenger-flere-medarbeidere\/","og_locale":"nb_NO","og_type":"article","og_title":"Vi trenger flere medarbeidere! - Haraldsplass Barnevern","og_description":"[vc_row type=&raquo;in_container&raquo; full_screen_row_position=&raquo;middle&raquo; scene_position=&raquo;center&raquo; text_color=&raquo;dark&raquo; text_align=&raquo;left&raquo; overlay_strength=&raquo;0.3&#8243; shape_divider_position=&raquo;bottom&raquo;][vc_column column_padding=&raquo;no-extra-padding&raquo; column_padding_position=&raquo;all&raquo; background_color_opacity=&raquo;1&#8243; background_hover_color_opacity=&raquo;1&#8243; column_shadow=&raquo;none&raquo; column_border_radius=&raquo;none&raquo; width=&raquo;1\/1&#8243; tablet_text_alignment=&raquo;default&raquo; phone_text_alignment=&raquo;default&raquo; column_border_width=&raquo;none&raquo; column_border_style=&raquo;solid&raquo;][vc_column_text] Haraldsplass...","og_url":"https:\/\/www.haraldsplass.org\/barnevern\/2022\/03\/02\/vi-trenger-flere-medarbeidere\/","og_site_name":"Haraldsplass Barnevern","article_published_time":"2022-03-02T09:05:22+00:00","article_modified_time":"2022-03-03T13:51:15+00:00","og_image":[{"width":1920,"height":1280,"url":"http:\/\/www.haraldsplass.org\/barnevern\/wp-content\/uploads\/sites\/2\/2018\/05\/Unterricht-drau\u00dfen-auf-dem-Schulhof-e1525862684525.jpeg","type":"image\/jpeg"}],"author":"Astrid Aarhus Byrknes","twitter_card":"summary_large_image","twitter_misc":{"Skrevet av":"Astrid Aarhus Byrknes","Ansl. lesetid":"1 minutt"},"schema":{"@context":"https:\/\/schema.org","@graph":[{"@type":"Article","@id":"https:\/\/www.haraldsplass.org\/barnevern\/2022\/03\/02\/vi-trenger-flere-medarbeidere\/#article","isPartOf":{"@id":"https:\/\/www.haraldsplass.org\/barnevern\/2022\/03\/02\/vi-trenger-flere-medarbeidere\/"},"author":{"name":"Astrid Aarhus Byrknes","@id":"https:\/\/www.haraldsplass.org\/barnevern\/#\/schema\/person\/54aabc1a62872e3a619a0bc555d72d9c"},"headline":"Vi trenger flere medarbeidere!","datePublished":"2022-03-02T09:05:22+00:00","dateModified":"2022-03-03T13:51:15+00:00","mainEntityOfPage":{"@id":"https:\/\/www.haraldsplass.org\/barnevern\/2022\/03\/02\/vi-trenger-flere-medarbeidere\/"},"wordCount":353,"commentCount":0,"image":{"@id":"https:\/\/www.haraldsplass.org\/barnevern\/2022\/03\/02\/vi-trenger-flere-medarbeidere\/#primaryimage"},"thumbnailUrl":"https:\/\/www.haraldsplass.org\/barnevern\/wp-content\/uploads\/sites\/2\/2018\/05\/Unterricht-drau\u00dfen-auf-dem-Schulhof-e1525862684525.jpeg","articleSection":["Aktuelt","Ledig stillinger"],"inLanguage":"nb-NO","potentialAction":[{"@type":"CommentAction","name":"Comment","target":["https:\/\/www.haraldsplass.org\/barnevern\/2022\/03\/02\/vi-trenger-flere-medarbeidere\/#respond"]}]},{"@type":"WebPage","@id":"https:\/\/www.haraldsplass.org\/barnevern\/2022\/03\/02\/vi-trenger-flere-medarbeidere\/","url":"https:\/\/www.haraldsplass.org\/barnevern\/2022\/03\/02\/vi-trenger-flere-medarbeidere\/","name":"Vi trenger flere medarbeidere! - Haraldsplass Barnevern","isPartOf":{"@id":"https:\/\/www.haraldsplass.org\/barnevern\/#website"},"primaryImageOfPage":{"@id":"https:\/\/www.haraldsplass.org\/barnevern\/2022\/03\/02\/vi-trenger-flere-medarbeidere\/#primaryimage"},"image":{"@id":"https:\/\/www.haraldsplass.org\/barnevern\/2022\/03\/02\/vi-trenger-flere-medarbeidere\/#primaryimage"},"thumbnailUrl":"https:\/\/www.haraldsplass.org\/barnevern\/wp-content\/uploads\/sites\/2\/2018\/05\/Unterricht-drau\u00dfen-auf-dem-Schulhof-e1525862684525.jpeg","datePublished":"2022-03-02T09:05:22+00:00","dateModified":"2022-03-03T13:51:15+00:00","author":{"@id":"https:\/\/www.haraldsplass.org\/barnevern\/#\/schema\/person\/54aabc1a62872e3a619a0bc555d72d9c"},"breadcrumb":{"@id":"https:\/\/www.haraldsplass.org\/barnevern\/2022\/03\/02\/vi-trenger-flere-medarbeidere\/#breadcrumb"},"inLanguage":"nb-NO","potentialAction":[{"@type":"ReadAction","target":["https:\/\/www.haraldsplass.org\/barnevern\/2022\/03\/02\/vi-trenger-flere-medarbeidere\/"]}]},{"@type":"ImageObject","inLanguage":"nb-NO","@id":"https:\/\/www.haraldsplass.org\/barnevern\/2022\/03\/02\/vi-trenger-flere-medarbeidere\/#primaryimage","url":"https:\/\/www.haraldsplass.org\/barnevern\/wp-content\/uploads\/sites\/2\/2018\/05\/Unterricht-drau\u00dfen-auf-dem-Schulhof-e1525862684525.jpeg","contentUrl":"https:\/\/www.haraldsplass.org\/barnevern\/wp-content\/uploads\/sites\/2\/2018\/05\/Unterricht-drau\u00dfen-auf-dem-Schulhof-e1525862684525.jpeg","width":1920,"height":1280},{"@type":"BreadcrumbList","@id":"https:\/\/www.haraldsplass.org\/barnevern\/2022\/03\/02\/vi-trenger-flere-medarbeidere\/#breadcrumb","itemListElement":[{"@type":"ListItem","position":1,"name":"Hjem","item":"https:\/\/www.haraldsplass.org\/barnevern\/"},{"@type":"ListItem","position":2,"name":"Vi trenger flere medarbeidere!"}]},{"@type":"WebSite","@id":"https:\/\/www.haraldsplass.org\/barnevern\/#website","url":"https:\/\/www.haraldsplass.org\/barnevern\/","name":"Haraldsplass Barnevern","description":"","potentialAction":[{"@type":"SearchAction","target":{"@type":"EntryPoint","urlTemplate":"https:\/\/www.haraldsplass.org\/barnevern\/?s={search_term_string}"},"query-input":{"@type":"PropertyValueSpecification","valueRequired":true,"valueName":"search_term_string"}}],"inLanguage":"nb-NO"},{"@type":"Person","@id":"https:\/\/www.haraldsplass.org\/barnevern\/#\/schema\/person\/54aabc1a62872e3a619a0bc555d72d9c","name":"Astrid Aarhus Byrknes","image":{"@type":"ImageObject","inLanguage":"nb-NO","@id":"https:\/\/secure.gravatar.com\/avatar\/6233dd1e68326aa3f1381b24b8fc56966680b9e8f2e97c325ca369df53ac2cf2?s=96&d=mm&r=g","url":"https:\/\/secure.gravatar.com\/avatar\/6233dd1e68326aa3f1381b24b8fc56966680b9e8f2e97c325ca369df53ac2cf2?s=96&d=mm&r=g","contentUrl":"https:\/\/secure.gravatar.com\/avatar\/6233dd1e68326aa3f1381b24b8fc56966680b9e8f2e97c325ca369df53ac2cf2?s=96&d=mm&r=g","caption":"Astrid Aarhus Byrknes"}}]}},"_links":{"self":[{"href":"https:\/\/www.haraldsplass.org\/barnevern\/wp-json\/wp\/v2\/posts\/315","targetHints":{"allow":["GET"]}}],"collection":[{"href":"https:\/\/www.haraldsplass.org\/barnevern\/wp-json\/wp\/v2\/posts"}],"about":[{"href":"https:\/\/www.haraldsplass.org\/barnevern\/wp-json\/wp\/v2\/types\/post"}],"author":[{"embeddable":true,"href":"https:\/\/www.haraldsplass.org\/barnevern\/wp-json\/wp\/v2\/users\/23"}],"replies":[{"embeddable":true,"href":"https:\/\/www.haraldsplass.org\/barnevern\/wp-json\/wp\/v2\/comments?post=315"}],"version-history":[{"count":0,"href":"https:\/\/www.haraldsplass.org\/barnevern\/wp-json\/wp\/v2\/posts\/315\/revisions"}],"wp:featuredmedia":[{"embeddable":true,"href":"https:\/\/www.haraldsplass.org\/barnevern\/wp-json\/wp\/v2\/media\/208"}],"wp:attachment":[{"href":"https:\/\/www.haraldsplass.org\/barnevern\/wp-json\/wp\/v2\/media?parent=315"}],"wp:term":[{"taxonomy":"category","embeddable":true,"href":"https:\/\/www.haraldsplass.org\/barnevern\/wp-json\/wp\/v2\/categories?post=315"},{"taxonomy":"post_tag","embeddable":true,"href":"https:\/\/www.haraldsplass.org\/barnevern\/wp-json\/wp\/v2\/tags?post=315"}],"curies":[{"name":"wp","href":"https:\/\/api.w.org\/{rel}","templated":true}]}}