{"id":326,"date":"2022-08-05T08:46:08","date_gmt":"2022-08-05T06:46:08","guid":{"rendered":"https:\/\/www.haraldsplass.org\/barnevern\/?p=326"},"modified":"2022-08-05T09:04:08","modified_gmt":"2022-08-05T07:04:08","slug":"mer-enn-bare-en-jobb-vi-trenger-deg-pa-laget","status":"publish","type":"post","link":"https:\/\/www.haraldsplass.org\/barnevern\/2022\/08\/05\/mer-enn-bare-en-jobb-vi-trenger-deg-pa-laget\/","title":{"rendered":"Mer enn bare en jobb? Vi trenger deg p\u00e5 laget!"},"content":{"rendered":"[vc_row type=&raquo;in_container&raquo; full_screen_row_position=&raquo;middle&raquo; scene_position=&raquo;center&raquo; text_color=&raquo;dark&raquo; text_align=&raquo;left&raquo; overlay_strength=&raquo;0.3&#8243; shape_divider_position=&raquo;bottom&raquo;][vc_column column_padding=&raquo;no-extra-padding&raquo; column_padding_position=&raquo;all&raquo; background_color_opacity=&raquo;1&#8243; background_hover_color_opacity=&raquo;1&#8243; column_shadow=&raquo;none&raquo; column_border_radius=&raquo;none&raquo; width=&raquo;1\/1&#8243; tablet_text_alignment=&raquo;default&raquo; phone_text_alignment=&raquo;default&raquo; column_border_width=&raquo;none&raquo; column_border_style=&raquo;solid&raquo;][vc_column_text]Haraldsplass Barnevern trenger deg som er milj\u00f8terapeut og som \u00f8nsker \u00e5 v\u00e6re med \u00e5 gj\u00f8re en forskjell for barn og unge som trenger omsorg og hjelp i hverdagen.<\/p>\n<p>N\u00e5 har vi ledige stillinger, ogs\u00e5 nattevakter. S\u00d8KNADSFRIST 28.august.<\/p>\n<p>Bli med p\u00e5 laget, og v\u00e6r med p\u00e5 \u00e5 utf\u00f8re et viktig samfunnsoppdrag sammen med gode og dyktige kollegaer.<\/p>\n<p>Velkommen som s\u00f8ker til Haraldsplass barnevern.<\/p>\n<p><a href=\"https:\/\/www.yrkesfokus.no\/miljoterapeuter-barnevern\/?fbclid=IwAR3exVwU6a6zLVGhHTsO9n0nVNc2UPXnFmX9wPEBqc50n_9jpSG5maLqNiY\">Milj\u00f8terapeutstillinger i medleverturnus og i hjemmebasert oppf\u00f8lging (S\u00f8knadsfrist 28.08.2022) | Yrkesfokus.no<\/a>[\/vc_column_text][divider line_type=&raquo;No Line&raquo; custom_height=&raquo;20&#8243;][divider line_type=&raquo;No Line&raquo; custom_height=&raquo;40&#8243;][\/vc_column][\/vc_row][vc_row type=&raquo;in_container&raquo; full_screen_row_position=&raquo;middle&raquo; scene_position=&raquo;center&raquo; text_color=&raquo;dark&raquo; text_align=&raquo;left&raquo; overlay_strength=&raquo;0.3&#8243; shape_divider_position=&raquo;bottom&raquo;][vc_column column_padding=&raquo;no-extra-padding&raquo; column_padding_position=&raquo;all&raquo; background_color_opacity=&raquo;1&#8243; background_hover_color_opacity=&raquo;1&#8243; column_shadow=&raquo;none&raquo; column_border_radius=&raquo;none&raquo; width=&raquo;1\/1&#8243; tablet_text_alignment=&raquo;default&raquo; phone_text_alignment=&raquo;default&raquo; column_border_width=&raquo;none&raquo; column_border_style=&raquo;solid&raquo;][divider line_type=&raquo;Full Width Line&raquo; line_thickness=&raquo;1&#8243; divider_color=&raquo;default&raquo;][vc_column_text el_class=&raquo;footage-credit&raquo;][\/vc_column_text][divider line_type=&raquo;Full Width Line&raquo; line_thickness=&raquo;1&#8243; divider_color=&raquo;default&raquo;][\/vc_column][\/vc_row]\n","protected":false},"excerpt":{"rendered":"<p>[vc_row type=&raquo;in_container&raquo; full_screen_row_position=&raquo;middle&raquo; scene_position=&raquo;center&raquo; text_color=&raquo;dark&raquo; text_align=&raquo;left&raquo; overlay_strength=&raquo;0.3&#8243; shape_divider_position=&raquo;bottom&raquo;][vc_column column_padding=&raquo;no-extra-padding&raquo; column_padding_position=&raquo;all&raquo; background_color_opacity=&raquo;1&#8243; background_hover_color_opacity=&raquo;1&#8243; column_shadow=&raquo;none&raquo; column_border_radius=&raquo;none&raquo; width=&raquo;1\/1&#8243; tablet_text_alignment=&raquo;default&raquo; phone_text_alignment=&raquo;default&raquo; column_border_width=&raquo;none&raquo; column_border_style=&raquo;solid&raquo;][vc_column_text]Haraldsplass Barnevern&#8230;<\/p>\n","protected":false},"author":23,"featured_media":327,"comment_status":"open","ping_status":"open","sticky":false,"template":"","format":"standard","meta":{"footnotes":""},"categories":[1],"tags":[],"class_list":["post-326","post","type-post","status-publish","format-standard","has-post-thumbnail","category-aktuelt"],"yoast_head":"<!-- This site is optimized with the Yoast SEO plugin v27.5 - https:\/\/yoast.com\/product\/yoast-seo-wordpress\/ -->\n<title>Mer enn bare en jobb? Vi trenger deg p\u00e5 laget! - Haraldsplass Barnevern<\/title>\n<meta name=\"robots\" content=\"index, follow, max-snippet:-1, max-image-preview:large, max-video-preview:-1\" \/>\n<link rel=\"canonical\" href=\"https:\/\/www.haraldsplass.org\/barnevern\/2022\/08\/05\/mer-enn-bare-en-jobb-vi-trenger-deg-pa-laget\/\" \/>\n<meta property=\"og:locale\" content=\"nb_NO\" \/>\n<meta property=\"og:type\" content=\"article\" \/>\n<meta property=\"og:title\" content=\"Mer enn bare en jobb? Vi trenger deg p\u00e5 laget! - Haraldsplass Barnevern\" \/>\n<meta property=\"og:description\" content=\"[vc_row type=&raquo;in_container&raquo; full_screen_row_position=&raquo;middle&raquo; scene_position=&raquo;center&raquo; text_color=&raquo;dark&raquo; text_align=&raquo;left&raquo; overlay_strength=&raquo;0.3&#8243; shape_divider_position=&raquo;bottom&raquo;][vc_column column_padding=&raquo;no-extra-padding&raquo; column_padding_position=&raquo;all&raquo; background_color_opacity=&raquo;1&#8243; background_hover_color_opacity=&raquo;1&#8243; column_shadow=&raquo;none&raquo; column_border_radius=&raquo;none&raquo; width=&raquo;1\/1&#8243; tablet_text_alignment=&raquo;default&raquo; phone_text_alignment=&raquo;default&raquo; column_border_width=&raquo;none&raquo; column_border_style=&raquo;solid&raquo;][vc_column_text]Haraldsplass Barnevern...\" \/>\n<meta property=\"og:url\" content=\"https:\/\/www.haraldsplass.org\/barnevern\/2022\/08\/05\/mer-enn-bare-en-jobb-vi-trenger-deg-pa-laget\/\" \/>\n<meta property=\"og:site_name\" content=\"Haraldsplass Barnevern\" \/>\n<meta property=\"article:published_time\" content=\"2022-08-05T06:46:08+00:00\" \/>\n<meta property=\"article:modified_time\" content=\"2022-08-05T07:04:08+00:00\" \/>\n<meta property=\"og:image\" content=\"http:\/\/www.haraldsplass.org\/barnevern\/wp-content\/uploads\/sites\/2\/2022\/08\/Haraldsplass-Barnevern-august-22.jpg\" \/>\n\t<meta property=\"og:image:width\" content=\"526\" \/>\n\t<meta property=\"og:image:height\" content=\"526\" \/>\n\t<meta property=\"og:image:type\" content=\"image\/jpeg\" \/>\n<meta name=\"author\" content=\"Astrid Aarhus Byrknes\" \/>\n<meta name=\"twitter:card\" content=\"summary_large_image\" \/>\n<meta name=\"twitter:label1\" content=\"Skrevet av\" \/>\n\t<meta name=\"twitter:data1\" content=\"Astrid Aarhus Byrknes\" \/>\n\t<meta name=\"twitter:label2\" content=\"Ansl. lesetid\" \/>\n\t<meta name=\"twitter:data2\" content=\"1 minutt\" \/>\n<script type=\"application\/ld+json\" class=\"yoast-schema-graph\">{\"@context\":\"https:\\\/\\\/schema.org\",\"@graph\":[{\"@type\":\"Article\",\"@id\":\"https:\\\/\\\/www.haraldsplass.org\\\/barnevern\\\/2022\\\/08\\\/05\\\/mer-enn-bare-en-jobb-vi-trenger-deg-pa-laget\\\/#article\",\"isPartOf\":{\"@id\":\"https:\\\/\\\/www.haraldsplass.org\\\/barnevern\\\/2022\\\/08\\\/05\\\/mer-enn-bare-en-jobb-vi-trenger-deg-pa-laget\\\/\"},\"author\":{\"name\":\"Astrid Aarhus Byrknes\",\"@id\":\"https:\\\/\\\/www.haraldsplass.org\\\/barnevern\\\/#\\\/schema\\\/person\\\/54aabc1a62872e3a619a0bc555d72d9c\"},\"headline\":\"Mer enn bare en jobb? Vi trenger deg p\u00e5 laget!\",\"datePublished\":\"2022-08-05T06:46:08+00:00\",\"dateModified\":\"2022-08-05T07:04:08+00:00\",\"mainEntityOfPage\":{\"@id\":\"https:\\\/\\\/www.haraldsplass.org\\\/barnevern\\\/2022\\\/08\\\/05\\\/mer-enn-bare-en-jobb-vi-trenger-deg-pa-laget\\\/\"},\"wordCount\":278,\"commentCount\":0,\"image\":{\"@id\":\"https:\\\/\\\/www.haraldsplass.org\\\/barnevern\\\/2022\\\/08\\\/05\\\/mer-enn-bare-en-jobb-vi-trenger-deg-pa-laget\\\/#primaryimage\"},\"thumbnailUrl\":\"https:\\\/\\\/www.haraldsplass.org\\\/barnevern\\\/wp-content\\\/uploads\\\/sites\\\/2\\\/2022\\\/08\\\/Haraldsplass-Barnevern-august-22.jpg\",\"articleSection\":[\"Aktuelt\"],\"inLanguage\":\"nb-NO\",\"potentialAction\":[{\"@type\":\"CommentAction\",\"name\":\"Comment\",\"target\":[\"https:\\\/\\\/www.haraldsplass.org\\\/barnevern\\\/2022\\\/08\\\/05\\\/mer-enn-bare-en-jobb-vi-trenger-deg-pa-laget\\\/#respond\"]}]},{\"@type\":\"WebPage\",\"@id\":\"https:\\\/\\\/www.haraldsplass.org\\\/barnevern\\\/2022\\\/08\\\/05\\\/mer-enn-bare-en-jobb-vi-trenger-deg-pa-laget\\\/\",\"url\":\"https:\\\/\\\/www.haraldsplass.org\\\/barnevern\\\/2022\\\/08\\\/05\\\/mer-enn-bare-en-jobb-vi-trenger-deg-pa-laget\\\/\",\"name\":\"Mer enn bare en jobb? Vi trenger deg p\u00e5 laget! - Haraldsplass Barnevern\",\"isPartOf\":{\"@id\":\"https:\\\/\\\/www.haraldsplass.org\\\/barnevern\\\/#website\"},\"primaryImageOfPage\":{\"@id\":\"https:\\\/\\\/www.haraldsplass.org\\\/barnevern\\\/2022\\\/08\\\/05\\\/mer-enn-bare-en-jobb-vi-trenger-deg-pa-laget\\\/#primaryimage\"},\"image\":{\"@id\":\"https:\\\/\\\/www.haraldsplass.org\\\/barnevern\\\/2022\\\/08\\\/05\\\/mer-enn-bare-en-jobb-vi-trenger-deg-pa-laget\\\/#primaryimage\"},\"thumbnailUrl\":\"https:\\\/\\\/www.haraldsplass.org\\\/barnevern\\\/wp-content\\\/uploads\\\/sites\\\/2\\\/2022\\\/08\\\/Haraldsplass-Barnevern-august-22.jpg\",\"datePublished\":\"2022-08-05T06:46:08+00:00\",\"dateModified\":\"2022-08-05T07:04:08+00:00\",\"author\":{\"@id\":\"https:\\\/\\\/www.haraldsplass.org\\\/barnevern\\\/#\\\/schema\\\/person\\\/54aabc1a62872e3a619a0bc555d72d9c\"},\"breadcrumb\":{\"@id\":\"https:\\\/\\\/www.haraldsplass.org\\\/barnevern\\\/2022\\\/08\\\/05\\\/mer-enn-bare-en-jobb-vi-trenger-deg-pa-laget\\\/#breadcrumb\"},\"inLanguage\":\"nb-NO\",\"potentialAction\":[{\"@type\":\"ReadAction\",\"target\":[\"https:\\\/\\\/www.haraldsplass.org\\\/barnevern\\\/2022\\\/08\\\/05\\\/mer-enn-bare-en-jobb-vi-trenger-deg-pa-laget\\\/\"]}]},{\"@type\":\"ImageObject\",\"inLanguage\":\"nb-NO\",\"@id\":\"https:\\\/\\\/www.haraldsplass.org\\\/barnevern\\\/2022\\\/08\\\/05\\\/mer-enn-bare-en-jobb-vi-trenger-deg-pa-laget\\\/#primaryimage\",\"url\":\"https:\\\/\\\/www.haraldsplass.org\\\/barnevern\\\/wp-content\\\/uploads\\\/sites\\\/2\\\/2022\\\/08\\\/Haraldsplass-Barnevern-august-22.jpg\",\"contentUrl\":\"https:\\\/\\\/www.haraldsplass.org\\\/barnevern\\\/wp-content\\\/uploads\\\/sites\\\/2\\\/2022\\\/08\\\/Haraldsplass-Barnevern-august-22.jpg\",\"width\":526,\"height\":526},{\"@type\":\"BreadcrumbList\",\"@id\":\"https:\\\/\\\/www.haraldsplass.org\\\/barnevern\\\/2022\\\/08\\\/05\\\/mer-enn-bare-en-jobb-vi-trenger-deg-pa-laget\\\/#breadcrumb\",\"itemListElement\":[{\"@type\":\"ListItem\",\"position\":1,\"name\":\"Hjem\",\"item\":\"https:\\\/\\\/www.haraldsplass.org\\\/barnevern\\\/\"},{\"@type\":\"ListItem\",\"position\":2,\"name\":\"Mer enn bare en jobb? Vi trenger deg p\u00e5 laget!\"}]},{\"@type\":\"WebSite\",\"@id\":\"https:\\\/\\\/www.haraldsplass.org\\\/barnevern\\\/#website\",\"url\":\"https:\\\/\\\/www.haraldsplass.org\\\/barnevern\\\/\",\"name\":\"Haraldsplass Barnevern\",\"description\":\"\",\"potentialAction\":[{\"@type\":\"SearchAction\",\"target\":{\"@type\":\"EntryPoint\",\"urlTemplate\":\"https:\\\/\\\/www.haraldsplass.org\\\/barnevern\\\/?s={search_term_string}\"},\"query-input\":{\"@type\":\"PropertyValueSpecification\",\"valueRequired\":true,\"valueName\":\"search_term_string\"}}],\"inLanguage\":\"nb-NO\"},{\"@type\":\"Person\",\"@id\":\"https:\\\/\\\/www.haraldsplass.org\\\/barnevern\\\/#\\\/schema\\\/person\\\/54aabc1a62872e3a619a0bc555d72d9c\",\"name\":\"Astrid Aarhus Byrknes\",\"image\":{\"@type\":\"ImageObject\",\"inLanguage\":\"nb-NO\",\"@id\":\"https:\\\/\\\/secure.gravatar.com\\\/avatar\\\/6233dd1e68326aa3f1381b24b8fc56966680b9e8f2e97c325ca369df53ac2cf2?s=96&d=mm&r=g\",\"url\":\"https:\\\/\\\/secure.gravatar.com\\\/avatar\\\/6233dd1e68326aa3f1381b24b8fc56966680b9e8f2e97c325ca369df53ac2cf2?s=96&d=mm&r=g\",\"contentUrl\":\"https:\\\/\\\/secure.gravatar.com\\\/avatar\\\/6233dd1e68326aa3f1381b24b8fc56966680b9e8f2e97c325ca369df53ac2cf2?s=96&d=mm&r=g\",\"caption\":\"Astrid Aarhus Byrknes\"}}]}<\/script>\n<!-- \/ Yoast SEO plugin. -->","yoast_head_json":{"title":"Mer enn bare en jobb? Vi trenger deg p\u00e5 laget! - Haraldsplass Barnevern","robots":{"index":"index","follow":"follow","max-snippet":"max-snippet:-1","max-image-preview":"max-image-preview:large","max-video-preview":"max-video-preview:-1"},"canonical":"https:\/\/www.haraldsplass.org\/barnevern\/2022\/08\/05\/mer-enn-bare-en-jobb-vi-trenger-deg-pa-laget\/","og_locale":"nb_NO","og_type":"article","og_title":"Mer enn bare en jobb? Vi trenger deg p\u00e5 laget! - Haraldsplass Barnevern","og_description":"[vc_row type=&raquo;in_container&raquo; full_screen_row_position=&raquo;middle&raquo; scene_position=&raquo;center&raquo; text_color=&raquo;dark&raquo; text_align=&raquo;left&raquo; overlay_strength=&raquo;0.3&#8243; shape_divider_position=&raquo;bottom&raquo;][vc_column column_padding=&raquo;no-extra-padding&raquo; column_padding_position=&raquo;all&raquo; background_color_opacity=&raquo;1&#8243; background_hover_color_opacity=&raquo;1&#8243; column_shadow=&raquo;none&raquo; column_border_radius=&raquo;none&raquo; width=&raquo;1\/1&#8243; tablet_text_alignment=&raquo;default&raquo; phone_text_alignment=&raquo;default&raquo; column_border_width=&raquo;none&raquo; column_border_style=&raquo;solid&raquo;][vc_column_text]Haraldsplass Barnevern...","og_url":"https:\/\/www.haraldsplass.org\/barnevern\/2022\/08\/05\/mer-enn-bare-en-jobb-vi-trenger-deg-pa-laget\/","og_site_name":"Haraldsplass Barnevern","article_published_time":"2022-08-05T06:46:08+00:00","article_modified_time":"2022-08-05T07:04:08+00:00","og_image":[{"width":526,"height":526,"url":"http:\/\/www.haraldsplass.org\/barnevern\/wp-content\/uploads\/sites\/2\/2022\/08\/Haraldsplass-Barnevern-august-22.jpg","type":"image\/jpeg"}],"author":"Astrid Aarhus Byrknes","twitter_card":"summary_large_image","twitter_misc":{"Skrevet av":"Astrid Aarhus Byrknes","Ansl. lesetid":"1 minutt"},"schema":{"@context":"https:\/\/schema.org","@graph":[{"@type":"Article","@id":"https:\/\/www.haraldsplass.org\/barnevern\/2022\/08\/05\/mer-enn-bare-en-jobb-vi-trenger-deg-pa-laget\/#article","isPartOf":{"@id":"https:\/\/www.haraldsplass.org\/barnevern\/2022\/08\/05\/mer-enn-bare-en-jobb-vi-trenger-deg-pa-laget\/"},"author":{"name":"Astrid Aarhus Byrknes","@id":"https:\/\/www.haraldsplass.org\/barnevern\/#\/schema\/person\/54aabc1a62872e3a619a0bc555d72d9c"},"headline":"Mer enn bare en jobb? Vi trenger deg p\u00e5 laget!","datePublished":"2022-08-05T06:46:08+00:00","dateModified":"2022-08-05T07:04:08+00:00","mainEntityOfPage":{"@id":"https:\/\/www.haraldsplass.org\/barnevern\/2022\/08\/05\/mer-enn-bare-en-jobb-vi-trenger-deg-pa-laget\/"},"wordCount":278,"commentCount":0,"image":{"@id":"https:\/\/www.haraldsplass.org\/barnevern\/2022\/08\/05\/mer-enn-bare-en-jobb-vi-trenger-deg-pa-laget\/#primaryimage"},"thumbnailUrl":"https:\/\/www.haraldsplass.org\/barnevern\/wp-content\/uploads\/sites\/2\/2022\/08\/Haraldsplass-Barnevern-august-22.jpg","articleSection":["Aktuelt"],"inLanguage":"nb-NO","potentialAction":[{"@type":"CommentAction","name":"Comment","target":["https:\/\/www.haraldsplass.org\/barnevern\/2022\/08\/05\/mer-enn-bare-en-jobb-vi-trenger-deg-pa-laget\/#respond"]}]},{"@type":"WebPage","@id":"https:\/\/www.haraldsplass.org\/barnevern\/2022\/08\/05\/mer-enn-bare-en-jobb-vi-trenger-deg-pa-laget\/","url":"https:\/\/www.haraldsplass.org\/barnevern\/2022\/08\/05\/mer-enn-bare-en-jobb-vi-trenger-deg-pa-laget\/","name":"Mer enn bare en jobb? Vi trenger deg p\u00e5 laget! - Haraldsplass Barnevern","isPartOf":{"@id":"https:\/\/www.haraldsplass.org\/barnevern\/#website"},"primaryImageOfPage":{"@id":"https:\/\/www.haraldsplass.org\/barnevern\/2022\/08\/05\/mer-enn-bare-en-jobb-vi-trenger-deg-pa-laget\/#primaryimage"},"image":{"@id":"https:\/\/www.haraldsplass.org\/barnevern\/2022\/08\/05\/mer-enn-bare-en-jobb-vi-trenger-deg-pa-laget\/#primaryimage"},"thumbnailUrl":"https:\/\/www.haraldsplass.org\/barnevern\/wp-content\/uploads\/sites\/2\/2022\/08\/Haraldsplass-Barnevern-august-22.jpg","datePublished":"2022-08-05T06:46:08+00:00","dateModified":"2022-08-05T07:04:08+00:00","author":{"@id":"https:\/\/www.haraldsplass.org\/barnevern\/#\/schema\/person\/54aabc1a62872e3a619a0bc555d72d9c"},"breadcrumb":{"@id":"https:\/\/www.haraldsplass.org\/barnevern\/2022\/08\/05\/mer-enn-bare-en-jobb-vi-trenger-deg-pa-laget\/#breadcrumb"},"inLanguage":"nb-NO","potentialAction":[{"@type":"ReadAction","target":["https:\/\/www.haraldsplass.org\/barnevern\/2022\/08\/05\/mer-enn-bare-en-jobb-vi-trenger-deg-pa-laget\/"]}]},{"@type":"ImageObject","inLanguage":"nb-NO","@id":"https:\/\/www.haraldsplass.org\/barnevern\/2022\/08\/05\/mer-enn-bare-en-jobb-vi-trenger-deg-pa-laget\/#primaryimage","url":"https:\/\/www.haraldsplass.org\/barnevern\/wp-content\/uploads\/sites\/2\/2022\/08\/Haraldsplass-Barnevern-august-22.jpg","contentUrl":"https:\/\/www.haraldsplass.org\/barnevern\/wp-content\/uploads\/sites\/2\/2022\/08\/Haraldsplass-Barnevern-august-22.jpg","width":526,"height":526},{"@type":"BreadcrumbList","@id":"https:\/\/www.haraldsplass.org\/barnevern\/2022\/08\/05\/mer-enn-bare-en-jobb-vi-trenger-deg-pa-laget\/#breadcrumb","itemListElement":[{"@type":"ListItem","position":1,"name":"Hjem","item":"https:\/\/www.haraldsplass.org\/barnevern\/"},{"@type":"ListItem","position":2,"name":"Mer enn bare en jobb? Vi trenger deg p\u00e5 laget!"}]},{"@type":"WebSite","@id":"https:\/\/www.haraldsplass.org\/barnevern\/#website","url":"https:\/\/www.haraldsplass.org\/barnevern\/","name":"Haraldsplass Barnevern","description":"","potentialAction":[{"@type":"SearchAction","target":{"@type":"EntryPoint","urlTemplate":"https:\/\/www.haraldsplass.org\/barnevern\/?s={search_term_string}"},"query-input":{"@type":"PropertyValueSpecification","valueRequired":true,"valueName":"search_term_string"}}],"inLanguage":"nb-NO"},{"@type":"Person","@id":"https:\/\/www.haraldsplass.org\/barnevern\/#\/schema\/person\/54aabc1a62872e3a619a0bc555d72d9c","name":"Astrid Aarhus Byrknes","image":{"@type":"ImageObject","inLanguage":"nb-NO","@id":"https:\/\/secure.gravatar.com\/avatar\/6233dd1e68326aa3f1381b24b8fc56966680b9e8f2e97c325ca369df53ac2cf2?s=96&d=mm&r=g","url":"https:\/\/secure.gravatar.com\/avatar\/6233dd1e68326aa3f1381b24b8fc56966680b9e8f2e97c325ca369df53ac2cf2?s=96&d=mm&r=g","contentUrl":"https:\/\/secure.gravatar.com\/avatar\/6233dd1e68326aa3f1381b24b8fc56966680b9e8f2e97c325ca369df53ac2cf2?s=96&d=mm&r=g","caption":"Astrid Aarhus Byrknes"}}]}},"_links":{"self":[{"href":"https:\/\/www.haraldsplass.org\/barnevern\/wp-json\/wp\/v2\/posts\/326","targetHints":{"allow":["GET"]}}],"collection":[{"href":"https:\/\/www.haraldsplass.org\/barnevern\/wp-json\/wp\/v2\/posts"}],"about":[{"href":"https:\/\/www.haraldsplass.org\/barnevern\/wp-json\/wp\/v2\/types\/post"}],"author":[{"embeddable":true,"href":"https:\/\/www.haraldsplass.org\/barnevern\/wp-json\/wp\/v2\/users\/23"}],"replies":[{"embeddable":true,"href":"https:\/\/www.haraldsplass.org\/barnevern\/wp-json\/wp\/v2\/comments?post=326"}],"version-history":[{"count":0,"href":"https:\/\/www.haraldsplass.org\/barnevern\/wp-json\/wp\/v2\/posts\/326\/revisions"}],"wp:featuredmedia":[{"embeddable":true,"href":"https:\/\/www.haraldsplass.org\/barnevern\/wp-json\/wp\/v2\/media\/327"}],"wp:attachment":[{"href":"https:\/\/www.haraldsplass.org\/barnevern\/wp-json\/wp\/v2\/media?parent=326"}],"wp:term":[{"taxonomy":"category","embeddable":true,"href":"https:\/\/www.haraldsplass.org\/barnevern\/wp-json\/wp\/v2\/categories?post=326"},{"taxonomy":"post_tag","embeddable":true,"href":"https:\/\/www.haraldsplass.org\/barnevern\/wp-json\/wp\/v2\/tags?post=326"}],"curies":[{"name":"wp","href":"https:\/\/api.w.org\/{rel}","templated":true}]}}