{"id":3565,"date":"2022-02-04T14:15:52","date_gmt":"2022-02-04T13:15:52","guid":{"rendered":"https:\/\/www.haraldsplass.org\/domkirkehjemmet\/?p=3565"},"modified":"2022-02-06T13:41:06","modified_gmt":"2022-02-06T12:41:06","slug":"skjonnhetssalong-med-ase","status":"publish","type":"post","link":"https:\/\/www.haraldsplass.org\/domkirkehjemmet\/2022\/02\/04\/skjonnhetssalong-med-ase\/","title":{"rendered":"Skj\u00f8nnhetssalong med \u00c5se"},"content":{"rendered":"[vc_row type=&raquo;in_container&raquo; full_screen_row_position=&raquo;middle&raquo; scene_position=&raquo;center&raquo; text_color=&raquo;dark&raquo; text_align=&raquo;left&raquo; overlay_strength=&raquo;0.3&#8243; shape_divider_position=&raquo;bottom&raquo;][vc_column column_padding=&raquo;no-extra-padding&raquo; column_padding_position=&raquo;all&raquo; background_color_opacity=&raquo;1&#8243; background_hover_color_opacity=&raquo;1&#8243; column_shadow=&raquo;none&raquo; column_border_radius=&raquo;none&raquo; width=&raquo;1\/1&#8243; tablet_text_alignment=&raquo;default&raquo; phone_text_alignment=&raquo;default&raquo; column_border_width=&raquo;none&raquo; column_border_style=&raquo;solid&raquo;][vc_column_text]<em>\u00c5pning av DKH sin skj\u00f8nnhetssalong<\/em><\/p>\n<p>I dag var det skj\u00f8nnhetssalong p\u00e5 huset med aktivit\u00f8ren v\u00e5r, \u00c5se.<\/p>\n<p>Her fikk beboere fra Fjellveien flotte seg i eksotiske dufter, ansikts- og h\u00e5ndmassasje, fuktighetskremer og ansiktsmaske. Stemningen, og responsen fra beboerne, var ikke \u00e5 tvile p\u00e5!<\/p>\n<p><em>&laquo;Hvorfor har jeg aldri gjort dette f\u00f8r&raquo; og &laquo;jeg tror ikke vi kan dra herfra i dag&raquo; er blant de flotte tilbakemeldingene fra bes\u00f8kende.<\/em><\/p>\n<p>Neste uke blir det skj\u00f8nnhetssalong med ny avdeling, og det er bare \u00e5 glede seg!<\/p>\n<p>God helg fra oss p\u00e5 Domkirkehjemmet :-)[\/vc_column_text][divider line_type=&raquo;No Line&raquo; custom_height=&raquo;20&#8243;][\/vc_column][\/vc_row][vc_row type=&raquo;in_container&raquo; full_screen_row_position=&raquo;middle&raquo; scene_position=&raquo;center&raquo; text_color=&raquo;dark&raquo; text_align=&raquo;left&raquo; overlay_strength=&raquo;0.3&#8243; shape_divider_position=&raquo;bottom&raquo;][vc_column column_padding=&raquo;no-extra-padding&raquo; column_padding_position=&raquo;all&raquo; background_color_opacity=&raquo;1&#8243; background_hover_color_opacity=&raquo;1&#8243; column_shadow=&raquo;none&raquo; column_border_radius=&raquo;none&raquo; width=&raquo;1\/1&#8243; tablet_text_alignment=&raquo;default&raquo; phone_text_alignment=&raquo;default&raquo; column_border_width=&raquo;none&raquo; column_border_style=&raquo;solid&raquo;][vc_gallery type=&raquo;flexslider_style&raquo; images=&raquo;3574,3576,3575,3573&#8243; onclick=&raquo;link_no&raquo;][\/vc_column][\/vc_row]\n","protected":false},"excerpt":{"rendered":"<p>[vc_row type=&raquo;in_container&raquo; full_screen_row_position=&raquo;middle&raquo; scene_position=&raquo;center&raquo; text_color=&raquo;dark&raquo; text_align=&raquo;left&raquo; overlay_strength=&raquo;0.3&#8243; shape_divider_position=&raquo;bottom&raquo;][vc_column column_padding=&raquo;no-extra-padding&raquo; column_padding_position=&raquo;all&raquo; background_color_opacity=&raquo;1&#8243; background_hover_color_opacity=&raquo;1&#8243; column_shadow=&raquo;none&raquo; column_border_radius=&raquo;none&raquo; width=&raquo;1\/1&#8243; tablet_text_alignment=&raquo;default&raquo; phone_text_alignment=&raquo;default&raquo; column_border_width=&raquo;none&raquo; column_border_style=&raquo;solid&raquo;][vc_column_text]\u00c5pning av DKH sin skj\u00f8nnhetssalong I dag var det skj\u00f8nnhetssalong p\u00e5 huset&#8230;<\/p>\n","protected":false},"author":9,"featured_media":3575,"comment_status":"open","ping_status":"open","sticky":false,"template":"","format":"standard","meta":{"footnotes":""},"categories":[1],"tags":[],"class_list":["post-3565","post","type-post","status-publish","format-standard","has-post-thumbnail","category-aktuelt"],"yoast_head":"<!-- This site is optimized with the Yoast SEO plugin v27.3 - https:\/\/yoast.com\/product\/yoast-seo-wordpress\/ -->\n<title>Skj\u00f8nnhetssalong med \u00c5se - Domkirkehjemmet<\/title>\n<meta name=\"robots\" content=\"index, follow, max-snippet:-1, max-image-preview:large, max-video-preview:-1\" \/>\n<link rel=\"canonical\" href=\"https:\/\/www.haraldsplass.org\/domkirkehjemmet\/2022\/02\/04\/skjonnhetssalong-med-ase\/\" \/>\n<meta property=\"og:locale\" content=\"nb_NO\" \/>\n<meta property=\"og:type\" content=\"article\" \/>\n<meta property=\"og:title\" content=\"Skj\u00f8nnhetssalong med \u00c5se - Domkirkehjemmet\" \/>\n<meta property=\"og:description\" content=\"[vc_row type=&raquo;in_container&raquo; full_screen_row_position=&raquo;middle&raquo; scene_position=&raquo;center&raquo; text_color=&raquo;dark&raquo; text_align=&raquo;left&raquo; overlay_strength=&raquo;0.3&#8243; shape_divider_position=&raquo;bottom&raquo;][vc_column column_padding=&raquo;no-extra-padding&raquo; column_padding_position=&raquo;all&raquo; background_color_opacity=&raquo;1&#8243; background_hover_color_opacity=&raquo;1&#8243; column_shadow=&raquo;none&raquo; column_border_radius=&raquo;none&raquo; width=&raquo;1\/1&#8243; tablet_text_alignment=&raquo;default&raquo; phone_text_alignment=&raquo;default&raquo; column_border_width=&raquo;none&raquo; column_border_style=&raquo;solid&raquo;][vc_column_text]\u00c5pning av DKH sin skj\u00f8nnhetssalong I dag var det skj\u00f8nnhetssalong p\u00e5 huset...\" \/>\n<meta property=\"og:url\" content=\"https:\/\/www.haraldsplass.org\/domkirkehjemmet\/2022\/02\/04\/skjonnhetssalong-med-ase\/\" \/>\n<meta property=\"og:site_name\" content=\"Domkirkehjemmet\" \/>\n<meta property=\"article:published_time\" content=\"2022-02-04T13:15:52+00:00\" \/>\n<meta property=\"article:modified_time\" content=\"2022-02-06T12:41:06+00:00\" \/>\n<meta property=\"og:image\" content=\"http:\/\/www.haraldsplass.org\/domkirkehjemmet\/wp-content\/uploads\/sites\/5\/2022\/02\/Klippet-SKS.jpg\" \/>\n\t<meta property=\"og:image:width\" content=\"1077\" \/>\n\t<meta property=\"og:image:height\" content=\"822\" \/>\n\t<meta property=\"og:image:type\" content=\"image\/jpeg\" \/>\n<meta name=\"author\" content=\"anja\" \/>\n<meta name=\"twitter:card\" content=\"summary_large_image\" \/>\n<meta name=\"twitter:label1\" content=\"Skrevet av\" \/>\n\t<meta name=\"twitter:data1\" content=\"anja\" \/>\n\t<meta name=\"twitter:label2\" content=\"Ansl. lesetid\" \/>\n\t<meta name=\"twitter:data2\" content=\"1 minutt\" \/>\n<script type=\"application\/ld+json\" class=\"yoast-schema-graph\">{\"@context\":\"https:\\\/\\\/schema.org\",\"@graph\":[{\"@type\":\"Article\",\"@id\":\"https:\\\/\\\/www.haraldsplass.org\\\/domkirkehjemmet\\\/2022\\\/02\\\/04\\\/skjonnhetssalong-med-ase\\\/#article\",\"isPartOf\":{\"@id\":\"https:\\\/\\\/www.haraldsplass.org\\\/domkirkehjemmet\\\/2022\\\/02\\\/04\\\/skjonnhetssalong-med-ase\\\/\"},\"author\":{\"name\":\"anja\",\"@id\":\"https:\\\/\\\/www.haraldsplass.org\\\/domkirkehjemmet\\\/#\\\/schema\\\/person\\\/1987b53d2bd40e23339d70b934b22540\"},\"headline\":\"Skj\u00f8nnhetssalong med \u00c5se\",\"datePublished\":\"2022-02-04T13:15:52+00:00\",\"dateModified\":\"2022-02-06T12:41:06+00:00\",\"mainEntityOfPage\":{\"@id\":\"https:\\\/\\\/www.haraldsplass.org\\\/domkirkehjemmet\\\/2022\\\/02\\\/04\\\/skjonnhetssalong-med-ase\\\/\"},\"wordCount\":258,\"commentCount\":0,\"image\":{\"@id\":\"https:\\\/\\\/www.haraldsplass.org\\\/domkirkehjemmet\\\/2022\\\/02\\\/04\\\/skjonnhetssalong-med-ase\\\/#primaryimage\"},\"thumbnailUrl\":\"https:\\\/\\\/www.haraldsplass.org\\\/domkirkehjemmet\\\/wp-content\\\/uploads\\\/sites\\\/5\\\/2022\\\/02\\\/Klippet-SKS.jpg\",\"articleSection\":[\"Aktuelt\"],\"inLanguage\":\"nb-NO\",\"potentialAction\":[{\"@type\":\"CommentAction\",\"name\":\"Comment\",\"target\":[\"https:\\\/\\\/www.haraldsplass.org\\\/domkirkehjemmet\\\/2022\\\/02\\\/04\\\/skjonnhetssalong-med-ase\\\/#respond\"]}]},{\"@type\":\"WebPage\",\"@id\":\"https:\\\/\\\/www.haraldsplass.org\\\/domkirkehjemmet\\\/2022\\\/02\\\/04\\\/skjonnhetssalong-med-ase\\\/\",\"url\":\"https:\\\/\\\/www.haraldsplass.org\\\/domkirkehjemmet\\\/2022\\\/02\\\/04\\\/skjonnhetssalong-med-ase\\\/\",\"name\":\"Skj\u00f8nnhetssalong med \u00c5se - Domkirkehjemmet\",\"isPartOf\":{\"@id\":\"https:\\\/\\\/www.haraldsplass.org\\\/domkirkehjemmet\\\/#website\"},\"primaryImageOfPage\":{\"@id\":\"https:\\\/\\\/www.haraldsplass.org\\\/domkirkehjemmet\\\/2022\\\/02\\\/04\\\/skjonnhetssalong-med-ase\\\/#primaryimage\"},\"image\":{\"@id\":\"https:\\\/\\\/www.haraldsplass.org\\\/domkirkehjemmet\\\/2022\\\/02\\\/04\\\/skjonnhetssalong-med-ase\\\/#primaryimage\"},\"thumbnailUrl\":\"https:\\\/\\\/www.haraldsplass.org\\\/domkirkehjemmet\\\/wp-content\\\/uploads\\\/sites\\\/5\\\/2022\\\/02\\\/Klippet-SKS.jpg\",\"datePublished\":\"2022-02-04T13:15:52+00:00\",\"dateModified\":\"2022-02-06T12:41:06+00:00\",\"author\":{\"@id\":\"https:\\\/\\\/www.haraldsplass.org\\\/domkirkehjemmet\\\/#\\\/schema\\\/person\\\/1987b53d2bd40e23339d70b934b22540\"},\"breadcrumb\":{\"@id\":\"https:\\\/\\\/www.haraldsplass.org\\\/domkirkehjemmet\\\/2022\\\/02\\\/04\\\/skjonnhetssalong-med-ase\\\/#breadcrumb\"},\"inLanguage\":\"nb-NO\",\"potentialAction\":[{\"@type\":\"ReadAction\",\"target\":[\"https:\\\/\\\/www.haraldsplass.org\\\/domkirkehjemmet\\\/2022\\\/02\\\/04\\\/skjonnhetssalong-med-ase\\\/\"]}]},{\"@type\":\"ImageObject\",\"inLanguage\":\"nb-NO\",\"@id\":\"https:\\\/\\\/www.haraldsplass.org\\\/domkirkehjemmet\\\/2022\\\/02\\\/04\\\/skjonnhetssalong-med-ase\\\/#primaryimage\",\"url\":\"https:\\\/\\\/www.haraldsplass.org\\\/domkirkehjemmet\\\/wp-content\\\/uploads\\\/sites\\\/5\\\/2022\\\/02\\\/Klippet-SKS.jpg\",\"contentUrl\":\"https:\\\/\\\/www.haraldsplass.org\\\/domkirkehjemmet\\\/wp-content\\\/uploads\\\/sites\\\/5\\\/2022\\\/02\\\/Klippet-SKS.jpg\",\"width\":1077,\"height\":822},{\"@type\":\"BreadcrumbList\",\"@id\":\"https:\\\/\\\/www.haraldsplass.org\\\/domkirkehjemmet\\\/2022\\\/02\\\/04\\\/skjonnhetssalong-med-ase\\\/#breadcrumb\",\"itemListElement\":[{\"@type\":\"ListItem\",\"position\":1,\"name\":\"Hjem\",\"item\":\"https:\\\/\\\/www.haraldsplass.org\\\/domkirkehjemmet\\\/\"},{\"@type\":\"ListItem\",\"position\":2,\"name\":\"Skj\u00f8nnhetssalong med \u00c5se\"}]},{\"@type\":\"WebSite\",\"@id\":\"https:\\\/\\\/www.haraldsplass.org\\\/domkirkehjemmet\\\/#website\",\"url\":\"https:\\\/\\\/www.haraldsplass.org\\\/domkirkehjemmet\\\/\",\"name\":\"Domkirkehjemmet\",\"description\":\"\",\"potentialAction\":[{\"@type\":\"SearchAction\",\"target\":{\"@type\":\"EntryPoint\",\"urlTemplate\":\"https:\\\/\\\/www.haraldsplass.org\\\/domkirkehjemmet\\\/?s={search_term_string}\"},\"query-input\":{\"@type\":\"PropertyValueSpecification\",\"valueRequired\":true,\"valueName\":\"search_term_string\"}}],\"inLanguage\":\"nb-NO\"},{\"@type\":\"Person\",\"@id\":\"https:\\\/\\\/www.haraldsplass.org\\\/domkirkehjemmet\\\/#\\\/schema\\\/person\\\/1987b53d2bd40e23339d70b934b22540\",\"name\":\"anja\",\"image\":{\"@type\":\"ImageObject\",\"inLanguage\":\"nb-NO\",\"@id\":\"https:\\\/\\\/secure.gravatar.com\\\/avatar\\\/103c8628dd1b4e4ce82ea080ef3a3558fbb4b1abb736911dea045a1bf101fdb6?s=96&d=mm&r=g\",\"url\":\"https:\\\/\\\/secure.gravatar.com\\\/avatar\\\/103c8628dd1b4e4ce82ea080ef3a3558fbb4b1abb736911dea045a1bf101fdb6?s=96&d=mm&r=g\",\"contentUrl\":\"https:\\\/\\\/secure.gravatar.com\\\/avatar\\\/103c8628dd1b4e4ce82ea080ef3a3558fbb4b1abb736911dea045a1bf101fdb6?s=96&d=mm&r=g\",\"caption\":\"anja\"}}]}<\/script>\n<!-- \/ Yoast SEO plugin. -->","yoast_head_json":{"title":"Skj\u00f8nnhetssalong med \u00c5se - Domkirkehjemmet","robots":{"index":"index","follow":"follow","max-snippet":"max-snippet:-1","max-image-preview":"max-image-preview:large","max-video-preview":"max-video-preview:-1"},"canonical":"https:\/\/www.haraldsplass.org\/domkirkehjemmet\/2022\/02\/04\/skjonnhetssalong-med-ase\/","og_locale":"nb_NO","og_type":"article","og_title":"Skj\u00f8nnhetssalong med \u00c5se - Domkirkehjemmet","og_description":"[vc_row type=&raquo;in_container&raquo; full_screen_row_position=&raquo;middle&raquo; scene_position=&raquo;center&raquo; text_color=&raquo;dark&raquo; text_align=&raquo;left&raquo; overlay_strength=&raquo;0.3&#8243; shape_divider_position=&raquo;bottom&raquo;][vc_column column_padding=&raquo;no-extra-padding&raquo; column_padding_position=&raquo;all&raquo; background_color_opacity=&raquo;1&#8243; background_hover_color_opacity=&raquo;1&#8243; column_shadow=&raquo;none&raquo; column_border_radius=&raquo;none&raquo; width=&raquo;1\/1&#8243; tablet_text_alignment=&raquo;default&raquo; phone_text_alignment=&raquo;default&raquo; column_border_width=&raquo;none&raquo; column_border_style=&raquo;solid&raquo;][vc_column_text]\u00c5pning av DKH sin skj\u00f8nnhetssalong I dag var det skj\u00f8nnhetssalong p\u00e5 huset...","og_url":"https:\/\/www.haraldsplass.org\/domkirkehjemmet\/2022\/02\/04\/skjonnhetssalong-med-ase\/","og_site_name":"Domkirkehjemmet","article_published_time":"2022-02-04T13:15:52+00:00","article_modified_time":"2022-02-06T12:41:06+00:00","og_image":[{"width":1077,"height":822,"url":"http:\/\/www.haraldsplass.org\/domkirkehjemmet\/wp-content\/uploads\/sites\/5\/2022\/02\/Klippet-SKS.jpg","type":"image\/jpeg"}],"author":"anja","twitter_card":"summary_large_image","twitter_misc":{"Skrevet av":"anja","Ansl. lesetid":"1 minutt"},"schema":{"@context":"https:\/\/schema.org","@graph":[{"@type":"Article","@id":"https:\/\/www.haraldsplass.org\/domkirkehjemmet\/2022\/02\/04\/skjonnhetssalong-med-ase\/#article","isPartOf":{"@id":"https:\/\/www.haraldsplass.org\/domkirkehjemmet\/2022\/02\/04\/skjonnhetssalong-med-ase\/"},"author":{"name":"anja","@id":"https:\/\/www.haraldsplass.org\/domkirkehjemmet\/#\/schema\/person\/1987b53d2bd40e23339d70b934b22540"},"headline":"Skj\u00f8nnhetssalong med \u00c5se","datePublished":"2022-02-04T13:15:52+00:00","dateModified":"2022-02-06T12:41:06+00:00","mainEntityOfPage":{"@id":"https:\/\/www.haraldsplass.org\/domkirkehjemmet\/2022\/02\/04\/skjonnhetssalong-med-ase\/"},"wordCount":258,"commentCount":0,"image":{"@id":"https:\/\/www.haraldsplass.org\/domkirkehjemmet\/2022\/02\/04\/skjonnhetssalong-med-ase\/#primaryimage"},"thumbnailUrl":"https:\/\/www.haraldsplass.org\/domkirkehjemmet\/wp-content\/uploads\/sites\/5\/2022\/02\/Klippet-SKS.jpg","articleSection":["Aktuelt"],"inLanguage":"nb-NO","potentialAction":[{"@type":"CommentAction","name":"Comment","target":["https:\/\/www.haraldsplass.org\/domkirkehjemmet\/2022\/02\/04\/skjonnhetssalong-med-ase\/#respond"]}]},{"@type":"WebPage","@id":"https:\/\/www.haraldsplass.org\/domkirkehjemmet\/2022\/02\/04\/skjonnhetssalong-med-ase\/","url":"https:\/\/www.haraldsplass.org\/domkirkehjemmet\/2022\/02\/04\/skjonnhetssalong-med-ase\/","name":"Skj\u00f8nnhetssalong med \u00c5se - Domkirkehjemmet","isPartOf":{"@id":"https:\/\/www.haraldsplass.org\/domkirkehjemmet\/#website"},"primaryImageOfPage":{"@id":"https:\/\/www.haraldsplass.org\/domkirkehjemmet\/2022\/02\/04\/skjonnhetssalong-med-ase\/#primaryimage"},"image":{"@id":"https:\/\/www.haraldsplass.org\/domkirkehjemmet\/2022\/02\/04\/skjonnhetssalong-med-ase\/#primaryimage"},"thumbnailUrl":"https:\/\/www.haraldsplass.org\/domkirkehjemmet\/wp-content\/uploads\/sites\/5\/2022\/02\/Klippet-SKS.jpg","datePublished":"2022-02-04T13:15:52+00:00","dateModified":"2022-02-06T12:41:06+00:00","author":{"@id":"https:\/\/www.haraldsplass.org\/domkirkehjemmet\/#\/schema\/person\/1987b53d2bd40e23339d70b934b22540"},"breadcrumb":{"@id":"https:\/\/www.haraldsplass.org\/domkirkehjemmet\/2022\/02\/04\/skjonnhetssalong-med-ase\/#breadcrumb"},"inLanguage":"nb-NO","potentialAction":[{"@type":"ReadAction","target":["https:\/\/www.haraldsplass.org\/domkirkehjemmet\/2022\/02\/04\/skjonnhetssalong-med-ase\/"]}]},{"@type":"ImageObject","inLanguage":"nb-NO","@id":"https:\/\/www.haraldsplass.org\/domkirkehjemmet\/2022\/02\/04\/skjonnhetssalong-med-ase\/#primaryimage","url":"https:\/\/www.haraldsplass.org\/domkirkehjemmet\/wp-content\/uploads\/sites\/5\/2022\/02\/Klippet-SKS.jpg","contentUrl":"https:\/\/www.haraldsplass.org\/domkirkehjemmet\/wp-content\/uploads\/sites\/5\/2022\/02\/Klippet-SKS.jpg","width":1077,"height":822},{"@type":"BreadcrumbList","@id":"https:\/\/www.haraldsplass.org\/domkirkehjemmet\/2022\/02\/04\/skjonnhetssalong-med-ase\/#breadcrumb","itemListElement":[{"@type":"ListItem","position":1,"name":"Hjem","item":"https:\/\/www.haraldsplass.org\/domkirkehjemmet\/"},{"@type":"ListItem","position":2,"name":"Skj\u00f8nnhetssalong med \u00c5se"}]},{"@type":"WebSite","@id":"https:\/\/www.haraldsplass.org\/domkirkehjemmet\/#website","url":"https:\/\/www.haraldsplass.org\/domkirkehjemmet\/","name":"Domkirkehjemmet","description":"","potentialAction":[{"@type":"SearchAction","target":{"@type":"EntryPoint","urlTemplate":"https:\/\/www.haraldsplass.org\/domkirkehjemmet\/?s={search_term_string}"},"query-input":{"@type":"PropertyValueSpecification","valueRequired":true,"valueName":"search_term_string"}}],"inLanguage":"nb-NO"},{"@type":"Person","@id":"https:\/\/www.haraldsplass.org\/domkirkehjemmet\/#\/schema\/person\/1987b53d2bd40e23339d70b934b22540","name":"anja","image":{"@type":"ImageObject","inLanguage":"nb-NO","@id":"https:\/\/secure.gravatar.com\/avatar\/103c8628dd1b4e4ce82ea080ef3a3558fbb4b1abb736911dea045a1bf101fdb6?s=96&d=mm&r=g","url":"https:\/\/secure.gravatar.com\/avatar\/103c8628dd1b4e4ce82ea080ef3a3558fbb4b1abb736911dea045a1bf101fdb6?s=96&d=mm&r=g","contentUrl":"https:\/\/secure.gravatar.com\/avatar\/103c8628dd1b4e4ce82ea080ef3a3558fbb4b1abb736911dea045a1bf101fdb6?s=96&d=mm&r=g","caption":"anja"}}]}},"_links":{"self":[{"href":"https:\/\/www.haraldsplass.org\/domkirkehjemmet\/wp-json\/wp\/v2\/posts\/3565","targetHints":{"allow":["GET"]}}],"collection":[{"href":"https:\/\/www.haraldsplass.org\/domkirkehjemmet\/wp-json\/wp\/v2\/posts"}],"about":[{"href":"https:\/\/www.haraldsplass.org\/domkirkehjemmet\/wp-json\/wp\/v2\/types\/post"}],"author":[{"embeddable":true,"href":"https:\/\/www.haraldsplass.org\/domkirkehjemmet\/wp-json\/wp\/v2\/users\/9"}],"replies":[{"embeddable":true,"href":"https:\/\/www.haraldsplass.org\/domkirkehjemmet\/wp-json\/wp\/v2\/comments?post=3565"}],"version-history":[{"count":0,"href":"https:\/\/www.haraldsplass.org\/domkirkehjemmet\/wp-json\/wp\/v2\/posts\/3565\/revisions"}],"wp:featuredmedia":[{"embeddable":true,"href":"https:\/\/www.haraldsplass.org\/domkirkehjemmet\/wp-json\/wp\/v2\/media\/3575"}],"wp:attachment":[{"href":"https:\/\/www.haraldsplass.org\/domkirkehjemmet\/wp-json\/wp\/v2\/media?parent=3565"}],"wp:term":[{"taxonomy":"category","embeddable":true,"href":"https:\/\/www.haraldsplass.org\/domkirkehjemmet\/wp-json\/wp\/v2\/categories?post=3565"},{"taxonomy":"post_tag","embeddable":true,"href":"https:\/\/www.haraldsplass.org\/domkirkehjemmet\/wp-json\/wp\/v2\/tags?post=3565"}],"curies":[{"name":"wp","href":"https:\/\/api.w.org\/{rel}","templated":true}]}}