{"id":3624,"date":"2022-02-17T14:59:28","date_gmt":"2022-02-17T13:59:28","guid":{"rendered":"https:\/\/www.haraldsplass.org\/domkirkehjemmet\/?p=3624"},"modified":"2022-02-17T14:59:28","modified_gmt":"2022-02-17T13:59:28","slug":"omsorgsprisen-2021","status":"publish","type":"post","link":"https:\/\/www.haraldsplass.org\/domkirkehjemmet\/2022\/02\/17\/omsorgsprisen-2021\/","title":{"rendered":"Omsorgsprisen 2021"},"content":{"rendered":"[vc_row type=&raquo;in_container&raquo; full_screen_row_position=&raquo;middle&raquo; scene_position=&raquo;center&raquo; text_color=&raquo;dark&raquo; text_align=&raquo;left&raquo; overlay_strength=&raquo;0.3&#8243; shape_divider_position=&raquo;bottom&raquo;][vc_column column_padding=&raquo;no-extra-padding&raquo; column_padding_position=&raquo;all&raquo; background_color_opacity=&raquo;1&#8243; background_hover_color_opacity=&raquo;1&#8243; column_shadow=&raquo;none&raquo; column_border_radius=&raquo;none&raquo; width=&raquo;1\/1&#8243; tablet_text_alignment=&raquo;default&raquo; phone_text_alignment=&raquo;default&raquo; column_border_width=&raquo;none&raquo; column_border_style=&raquo;solid&raquo;][vc_column_text]<span style=\"font-weight: 400\">Forrige uke ble Omsorgsuken 2022 arrangert i Bergen kommune, i regi av GC Rieber Fondene. I den anledning avholdes det p\u00e5 sykehjemmene ulike aktiviteter, alt fra fysisk aktivitet,\u00a0 musikalske innslag og god mat. Fredag 11.02 var det tid for utdeling av Omsorgsprisen 2021. Her legges det vekt p\u00e5 det viktige arbeidet som blir gjort innen helse og omsorg, og de som gj\u00f8r en ekstra innsats for at eldre og utsatte grupper skal f\u00e5 et bedre liv.<\/span><\/p>\n<p><span style=\"font-weight: 400\">Vi er stolt over \u00e5 meddele at v\u00e5r egen frivillighetskoordinator Anette Ravn\u00f8y er vinner av andreplassen omsorgsprisen 2022. <\/span><\/p>\n<p>Verdighetssenteret skriver; <em>Anette skaper gode \u00f8yeblikk sammen for eldre, i tett samarbeid med ansatte og frivillige. Hun er en entusiastisk veteran i faget, som virkelig evner \u00e5 m\u00f8te de individuelle behov blant beboere. Hun har lang fartstid fra flere institusjoner i Bergen, og er selv en aktiv frivillig, som ikke minst framhever verdien av samarbeid p\u00e5 tvers av generasjoner.\u00a0<\/em><\/p>\n<p><span style=\"font-weight: 400\"> P\u00e5 vegne av Stiftelsen Domkirkehjemmet \u00f8nsker vi \u00e5 gratulerer s\u00e5 mye til b\u00e5de deg, og de andre vinnerne! Vi er imponert og glad for at du er v\u00e5r kollega.\u00a0<\/span>[\/vc_column_text][\/vc_column][\/vc_row]\n","protected":false},"excerpt":{"rendered":"<p>[vc_row type=&raquo;in_container&raquo; full_screen_row_position=&raquo;middle&raquo; scene_position=&raquo;center&raquo; text_color=&raquo;dark&raquo; text_align=&raquo;left&raquo; overlay_strength=&raquo;0.3&#8243; shape_divider_position=&raquo;bottom&raquo;][vc_column column_padding=&raquo;no-extra-padding&raquo; column_padding_position=&raquo;all&raquo; background_color_opacity=&raquo;1&#8243; background_hover_color_opacity=&raquo;1&#8243; column_shadow=&raquo;none&raquo; column_border_radius=&raquo;none&raquo; width=&raquo;1\/1&#8243; tablet_text_alignment=&raquo;default&raquo; phone_text_alignment=&raquo;default&raquo; column_border_width=&raquo;none&raquo; column_border_style=&raquo;solid&raquo;][vc_column_text]Forrige uke ble Omsorgsuken 2022 arrangert i Bergen kommune, i regi av&#8230;<\/p>\n","protected":false},"author":9,"featured_media":3625,"comment_status":"open","ping_status":"open","sticky":false,"template":"","format":"standard","meta":{"footnotes":""},"categories":[1],"tags":[],"class_list":["post-3624","post","type-post","status-publish","format-standard","has-post-thumbnail","category-aktuelt"],"yoast_head":"<!-- This site is optimized with the Yoast SEO plugin v27.3 - https:\/\/yoast.com\/product\/yoast-seo-wordpress\/ -->\n<title>Omsorgsprisen 2021 - Domkirkehjemmet<\/title>\n<meta name=\"robots\" content=\"index, follow, max-snippet:-1, max-image-preview:large, max-video-preview:-1\" \/>\n<link rel=\"canonical\" href=\"https:\/\/www.haraldsplass.org\/domkirkehjemmet\/2022\/02\/17\/omsorgsprisen-2021\/\" \/>\n<meta property=\"og:locale\" content=\"nb_NO\" \/>\n<meta property=\"og:type\" content=\"article\" \/>\n<meta property=\"og:title\" content=\"Omsorgsprisen 2021 - Domkirkehjemmet\" \/>\n<meta property=\"og:description\" content=\"[vc_row type=&raquo;in_container&raquo; full_screen_row_position=&raquo;middle&raquo; scene_position=&raquo;center&raquo; text_color=&raquo;dark&raquo; text_align=&raquo;left&raquo; overlay_strength=&raquo;0.3&#8243; shape_divider_position=&raquo;bottom&raquo;][vc_column column_padding=&raquo;no-extra-padding&raquo; column_padding_position=&raquo;all&raquo; background_color_opacity=&raquo;1&#8243; background_hover_color_opacity=&raquo;1&#8243; column_shadow=&raquo;none&raquo; column_border_radius=&raquo;none&raquo; width=&raquo;1\/1&#8243; tablet_text_alignment=&raquo;default&raquo; phone_text_alignment=&raquo;default&raquo; column_border_width=&raquo;none&raquo; column_border_style=&raquo;solid&raquo;][vc_column_text]Forrige uke ble Omsorgsuken 2022 arrangert i Bergen kommune, i regi av...\" \/>\n<meta property=\"og:url\" content=\"https:\/\/www.haraldsplass.org\/domkirkehjemmet\/2022\/02\/17\/omsorgsprisen-2021\/\" \/>\n<meta property=\"og:site_name\" content=\"Domkirkehjemmet\" \/>\n<meta property=\"article:published_time\" content=\"2022-02-17T13:59:28+00:00\" \/>\n<meta property=\"og:image\" content=\"http:\/\/www.haraldsplass.org\/domkirkehjemmet\/wp-content\/uploads\/sites\/5\/2022\/02\/IMG_9788.jpg\" \/>\n\t<meta property=\"og:image:width\" content=\"1000\" \/>\n\t<meta property=\"og:image:height\" content=\"667\" \/>\n\t<meta property=\"og:image:type\" content=\"image\/jpeg\" \/>\n<meta name=\"author\" content=\"anja\" \/>\n<meta name=\"twitter:card\" content=\"summary_large_image\" \/>\n<meta name=\"twitter:label1\" content=\"Skrevet av\" \/>\n\t<meta name=\"twitter:data1\" content=\"anja\" \/>\n\t<meta name=\"twitter:label2\" content=\"Ansl. lesetid\" \/>\n\t<meta name=\"twitter:data2\" content=\"2 minutter\" \/>\n<script type=\"application\/ld+json\" class=\"yoast-schema-graph\">{\"@context\":\"https:\\\/\\\/schema.org\",\"@graph\":[{\"@type\":\"Article\",\"@id\":\"https:\\\/\\\/www.haraldsplass.org\\\/domkirkehjemmet\\\/2022\\\/02\\\/17\\\/omsorgsprisen-2021\\\/#article\",\"isPartOf\":{\"@id\":\"https:\\\/\\\/www.haraldsplass.org\\\/domkirkehjemmet\\\/2022\\\/02\\\/17\\\/omsorgsprisen-2021\\\/\"},\"author\":{\"name\":\"anja\",\"@id\":\"https:\\\/\\\/www.haraldsplass.org\\\/domkirkehjemmet\\\/#\\\/schema\\\/person\\\/1987b53d2bd40e23339d70b934b22540\"},\"headline\":\"Omsorgsprisen 2021\",\"datePublished\":\"2022-02-17T13:59:28+00:00\",\"mainEntityOfPage\":{\"@id\":\"https:\\\/\\\/www.haraldsplass.org\\\/domkirkehjemmet\\\/2022\\\/02\\\/17\\\/omsorgsprisen-2021\\\/\"},\"wordCount\":257,\"commentCount\":0,\"image\":{\"@id\":\"https:\\\/\\\/www.haraldsplass.org\\\/domkirkehjemmet\\\/2022\\\/02\\\/17\\\/omsorgsprisen-2021\\\/#primaryimage\"},\"thumbnailUrl\":\"https:\\\/\\\/www.haraldsplass.org\\\/domkirkehjemmet\\\/wp-content\\\/uploads\\\/sites\\\/5\\\/2022\\\/02\\\/IMG_9788.jpg\",\"articleSection\":[\"Aktuelt\"],\"inLanguage\":\"nb-NO\",\"potentialAction\":[{\"@type\":\"CommentAction\",\"name\":\"Comment\",\"target\":[\"https:\\\/\\\/www.haraldsplass.org\\\/domkirkehjemmet\\\/2022\\\/02\\\/17\\\/omsorgsprisen-2021\\\/#respond\"]}]},{\"@type\":\"WebPage\",\"@id\":\"https:\\\/\\\/www.haraldsplass.org\\\/domkirkehjemmet\\\/2022\\\/02\\\/17\\\/omsorgsprisen-2021\\\/\",\"url\":\"https:\\\/\\\/www.haraldsplass.org\\\/domkirkehjemmet\\\/2022\\\/02\\\/17\\\/omsorgsprisen-2021\\\/\",\"name\":\"Omsorgsprisen 2021 - Domkirkehjemmet\",\"isPartOf\":{\"@id\":\"https:\\\/\\\/www.haraldsplass.org\\\/domkirkehjemmet\\\/#website\"},\"primaryImageOfPage\":{\"@id\":\"https:\\\/\\\/www.haraldsplass.org\\\/domkirkehjemmet\\\/2022\\\/02\\\/17\\\/omsorgsprisen-2021\\\/#primaryimage\"},\"image\":{\"@id\":\"https:\\\/\\\/www.haraldsplass.org\\\/domkirkehjemmet\\\/2022\\\/02\\\/17\\\/omsorgsprisen-2021\\\/#primaryimage\"},\"thumbnailUrl\":\"https:\\\/\\\/www.haraldsplass.org\\\/domkirkehjemmet\\\/wp-content\\\/uploads\\\/sites\\\/5\\\/2022\\\/02\\\/IMG_9788.jpg\",\"datePublished\":\"2022-02-17T13:59:28+00:00\",\"author\":{\"@id\":\"https:\\\/\\\/www.haraldsplass.org\\\/domkirkehjemmet\\\/#\\\/schema\\\/person\\\/1987b53d2bd40e23339d70b934b22540\"},\"breadcrumb\":{\"@id\":\"https:\\\/\\\/www.haraldsplass.org\\\/domkirkehjemmet\\\/2022\\\/02\\\/17\\\/omsorgsprisen-2021\\\/#breadcrumb\"},\"inLanguage\":\"nb-NO\",\"potentialAction\":[{\"@type\":\"ReadAction\",\"target\":[\"https:\\\/\\\/www.haraldsplass.org\\\/domkirkehjemmet\\\/2022\\\/02\\\/17\\\/omsorgsprisen-2021\\\/\"]}]},{\"@type\":\"ImageObject\",\"inLanguage\":\"nb-NO\",\"@id\":\"https:\\\/\\\/www.haraldsplass.org\\\/domkirkehjemmet\\\/2022\\\/02\\\/17\\\/omsorgsprisen-2021\\\/#primaryimage\",\"url\":\"https:\\\/\\\/www.haraldsplass.org\\\/domkirkehjemmet\\\/wp-content\\\/uploads\\\/sites\\\/5\\\/2022\\\/02\\\/IMG_9788.jpg\",\"contentUrl\":\"https:\\\/\\\/www.haraldsplass.org\\\/domkirkehjemmet\\\/wp-content\\\/uploads\\\/sites\\\/5\\\/2022\\\/02\\\/IMG_9788.jpg\",\"width\":1000,\"height\":667,\"caption\":\"Utdeling av Omsorgsprisen 2021\"},{\"@type\":\"BreadcrumbList\",\"@id\":\"https:\\\/\\\/www.haraldsplass.org\\\/domkirkehjemmet\\\/2022\\\/02\\\/17\\\/omsorgsprisen-2021\\\/#breadcrumb\",\"itemListElement\":[{\"@type\":\"ListItem\",\"position\":1,\"name\":\"Hjem\",\"item\":\"https:\\\/\\\/www.haraldsplass.org\\\/domkirkehjemmet\\\/\"},{\"@type\":\"ListItem\",\"position\":2,\"name\":\"Omsorgsprisen 2021\"}]},{\"@type\":\"WebSite\",\"@id\":\"https:\\\/\\\/www.haraldsplass.org\\\/domkirkehjemmet\\\/#website\",\"url\":\"https:\\\/\\\/www.haraldsplass.org\\\/domkirkehjemmet\\\/\",\"name\":\"Domkirkehjemmet\",\"description\":\"\",\"potentialAction\":[{\"@type\":\"SearchAction\",\"target\":{\"@type\":\"EntryPoint\",\"urlTemplate\":\"https:\\\/\\\/www.haraldsplass.org\\\/domkirkehjemmet\\\/?s={search_term_string}\"},\"query-input\":{\"@type\":\"PropertyValueSpecification\",\"valueRequired\":true,\"valueName\":\"search_term_string\"}}],\"inLanguage\":\"nb-NO\"},{\"@type\":\"Person\",\"@id\":\"https:\\\/\\\/www.haraldsplass.org\\\/domkirkehjemmet\\\/#\\\/schema\\\/person\\\/1987b53d2bd40e23339d70b934b22540\",\"name\":\"anja\",\"image\":{\"@type\":\"ImageObject\",\"inLanguage\":\"nb-NO\",\"@id\":\"https:\\\/\\\/secure.gravatar.com\\\/avatar\\\/103c8628dd1b4e4ce82ea080ef3a3558fbb4b1abb736911dea045a1bf101fdb6?s=96&d=mm&r=g\",\"url\":\"https:\\\/\\\/secure.gravatar.com\\\/avatar\\\/103c8628dd1b4e4ce82ea080ef3a3558fbb4b1abb736911dea045a1bf101fdb6?s=96&d=mm&r=g\",\"contentUrl\":\"https:\\\/\\\/secure.gravatar.com\\\/avatar\\\/103c8628dd1b4e4ce82ea080ef3a3558fbb4b1abb736911dea045a1bf101fdb6?s=96&d=mm&r=g\",\"caption\":\"anja\"}}]}<\/script>\n<!-- \/ Yoast SEO plugin. -->","yoast_head_json":{"title":"Omsorgsprisen 2021 - Domkirkehjemmet","robots":{"index":"index","follow":"follow","max-snippet":"max-snippet:-1","max-image-preview":"max-image-preview:large","max-video-preview":"max-video-preview:-1"},"canonical":"https:\/\/www.haraldsplass.org\/domkirkehjemmet\/2022\/02\/17\/omsorgsprisen-2021\/","og_locale":"nb_NO","og_type":"article","og_title":"Omsorgsprisen 2021 - Domkirkehjemmet","og_description":"[vc_row type=&raquo;in_container&raquo; full_screen_row_position=&raquo;middle&raquo; scene_position=&raquo;center&raquo; text_color=&raquo;dark&raquo; text_align=&raquo;left&raquo; overlay_strength=&raquo;0.3&#8243; shape_divider_position=&raquo;bottom&raquo;][vc_column column_padding=&raquo;no-extra-padding&raquo; column_padding_position=&raquo;all&raquo; background_color_opacity=&raquo;1&#8243; background_hover_color_opacity=&raquo;1&#8243; column_shadow=&raquo;none&raquo; column_border_radius=&raquo;none&raquo; width=&raquo;1\/1&#8243; tablet_text_alignment=&raquo;default&raquo; phone_text_alignment=&raquo;default&raquo; column_border_width=&raquo;none&raquo; column_border_style=&raquo;solid&raquo;][vc_column_text]Forrige uke ble Omsorgsuken 2022 arrangert i Bergen kommune, i regi av...","og_url":"https:\/\/www.haraldsplass.org\/domkirkehjemmet\/2022\/02\/17\/omsorgsprisen-2021\/","og_site_name":"Domkirkehjemmet","article_published_time":"2022-02-17T13:59:28+00:00","og_image":[{"width":1000,"height":667,"url":"http:\/\/www.haraldsplass.org\/domkirkehjemmet\/wp-content\/uploads\/sites\/5\/2022\/02\/IMG_9788.jpg","type":"image\/jpeg"}],"author":"anja","twitter_card":"summary_large_image","twitter_misc":{"Skrevet av":"anja","Ansl. lesetid":"2 minutter"},"schema":{"@context":"https:\/\/schema.org","@graph":[{"@type":"Article","@id":"https:\/\/www.haraldsplass.org\/domkirkehjemmet\/2022\/02\/17\/omsorgsprisen-2021\/#article","isPartOf":{"@id":"https:\/\/www.haraldsplass.org\/domkirkehjemmet\/2022\/02\/17\/omsorgsprisen-2021\/"},"author":{"name":"anja","@id":"https:\/\/www.haraldsplass.org\/domkirkehjemmet\/#\/schema\/person\/1987b53d2bd40e23339d70b934b22540"},"headline":"Omsorgsprisen 2021","datePublished":"2022-02-17T13:59:28+00:00","mainEntityOfPage":{"@id":"https:\/\/www.haraldsplass.org\/domkirkehjemmet\/2022\/02\/17\/omsorgsprisen-2021\/"},"wordCount":257,"commentCount":0,"image":{"@id":"https:\/\/www.haraldsplass.org\/domkirkehjemmet\/2022\/02\/17\/omsorgsprisen-2021\/#primaryimage"},"thumbnailUrl":"https:\/\/www.haraldsplass.org\/domkirkehjemmet\/wp-content\/uploads\/sites\/5\/2022\/02\/IMG_9788.jpg","articleSection":["Aktuelt"],"inLanguage":"nb-NO","potentialAction":[{"@type":"CommentAction","name":"Comment","target":["https:\/\/www.haraldsplass.org\/domkirkehjemmet\/2022\/02\/17\/omsorgsprisen-2021\/#respond"]}]},{"@type":"WebPage","@id":"https:\/\/www.haraldsplass.org\/domkirkehjemmet\/2022\/02\/17\/omsorgsprisen-2021\/","url":"https:\/\/www.haraldsplass.org\/domkirkehjemmet\/2022\/02\/17\/omsorgsprisen-2021\/","name":"Omsorgsprisen 2021 - Domkirkehjemmet","isPartOf":{"@id":"https:\/\/www.haraldsplass.org\/domkirkehjemmet\/#website"},"primaryImageOfPage":{"@id":"https:\/\/www.haraldsplass.org\/domkirkehjemmet\/2022\/02\/17\/omsorgsprisen-2021\/#primaryimage"},"image":{"@id":"https:\/\/www.haraldsplass.org\/domkirkehjemmet\/2022\/02\/17\/omsorgsprisen-2021\/#primaryimage"},"thumbnailUrl":"https:\/\/www.haraldsplass.org\/domkirkehjemmet\/wp-content\/uploads\/sites\/5\/2022\/02\/IMG_9788.jpg","datePublished":"2022-02-17T13:59:28+00:00","author":{"@id":"https:\/\/www.haraldsplass.org\/domkirkehjemmet\/#\/schema\/person\/1987b53d2bd40e23339d70b934b22540"},"breadcrumb":{"@id":"https:\/\/www.haraldsplass.org\/domkirkehjemmet\/2022\/02\/17\/omsorgsprisen-2021\/#breadcrumb"},"inLanguage":"nb-NO","potentialAction":[{"@type":"ReadAction","target":["https:\/\/www.haraldsplass.org\/domkirkehjemmet\/2022\/02\/17\/omsorgsprisen-2021\/"]}]},{"@type":"ImageObject","inLanguage":"nb-NO","@id":"https:\/\/www.haraldsplass.org\/domkirkehjemmet\/2022\/02\/17\/omsorgsprisen-2021\/#primaryimage","url":"https:\/\/www.haraldsplass.org\/domkirkehjemmet\/wp-content\/uploads\/sites\/5\/2022\/02\/IMG_9788.jpg","contentUrl":"https:\/\/www.haraldsplass.org\/domkirkehjemmet\/wp-content\/uploads\/sites\/5\/2022\/02\/IMG_9788.jpg","width":1000,"height":667,"caption":"Utdeling av Omsorgsprisen 2021"},{"@type":"BreadcrumbList","@id":"https:\/\/www.haraldsplass.org\/domkirkehjemmet\/2022\/02\/17\/omsorgsprisen-2021\/#breadcrumb","itemListElement":[{"@type":"ListItem","position":1,"name":"Hjem","item":"https:\/\/www.haraldsplass.org\/domkirkehjemmet\/"},{"@type":"ListItem","position":2,"name":"Omsorgsprisen 2021"}]},{"@type":"WebSite","@id":"https:\/\/www.haraldsplass.org\/domkirkehjemmet\/#website","url":"https:\/\/www.haraldsplass.org\/domkirkehjemmet\/","name":"Domkirkehjemmet","description":"","potentialAction":[{"@type":"SearchAction","target":{"@type":"EntryPoint","urlTemplate":"https:\/\/www.haraldsplass.org\/domkirkehjemmet\/?s={search_term_string}"},"query-input":{"@type":"PropertyValueSpecification","valueRequired":true,"valueName":"search_term_string"}}],"inLanguage":"nb-NO"},{"@type":"Person","@id":"https:\/\/www.haraldsplass.org\/domkirkehjemmet\/#\/schema\/person\/1987b53d2bd40e23339d70b934b22540","name":"anja","image":{"@type":"ImageObject","inLanguage":"nb-NO","@id":"https:\/\/secure.gravatar.com\/avatar\/103c8628dd1b4e4ce82ea080ef3a3558fbb4b1abb736911dea045a1bf101fdb6?s=96&d=mm&r=g","url":"https:\/\/secure.gravatar.com\/avatar\/103c8628dd1b4e4ce82ea080ef3a3558fbb4b1abb736911dea045a1bf101fdb6?s=96&d=mm&r=g","contentUrl":"https:\/\/secure.gravatar.com\/avatar\/103c8628dd1b4e4ce82ea080ef3a3558fbb4b1abb736911dea045a1bf101fdb6?s=96&d=mm&r=g","caption":"anja"}}]}},"_links":{"self":[{"href":"https:\/\/www.haraldsplass.org\/domkirkehjemmet\/wp-json\/wp\/v2\/posts\/3624","targetHints":{"allow":["GET"]}}],"collection":[{"href":"https:\/\/www.haraldsplass.org\/domkirkehjemmet\/wp-json\/wp\/v2\/posts"}],"about":[{"href":"https:\/\/www.haraldsplass.org\/domkirkehjemmet\/wp-json\/wp\/v2\/types\/post"}],"author":[{"embeddable":true,"href":"https:\/\/www.haraldsplass.org\/domkirkehjemmet\/wp-json\/wp\/v2\/users\/9"}],"replies":[{"embeddable":true,"href":"https:\/\/www.haraldsplass.org\/domkirkehjemmet\/wp-json\/wp\/v2\/comments?post=3624"}],"version-history":[{"count":0,"href":"https:\/\/www.haraldsplass.org\/domkirkehjemmet\/wp-json\/wp\/v2\/posts\/3624\/revisions"}],"wp:featuredmedia":[{"embeddable":true,"href":"https:\/\/www.haraldsplass.org\/domkirkehjemmet\/wp-json\/wp\/v2\/media\/3625"}],"wp:attachment":[{"href":"https:\/\/www.haraldsplass.org\/domkirkehjemmet\/wp-json\/wp\/v2\/media?parent=3624"}],"wp:term":[{"taxonomy":"category","embeddable":true,"href":"https:\/\/www.haraldsplass.org\/domkirkehjemmet\/wp-json\/wp\/v2\/categories?post=3624"},{"taxonomy":"post_tag","embeddable":true,"href":"https:\/\/www.haraldsplass.org\/domkirkehjemmet\/wp-json\/wp\/v2\/tags?post=3624"}],"curies":[{"name":"wp","href":"https:\/\/api.w.org\/{rel}","templated":true}]}}