{"id":3878,"date":"2022-06-21T15:00:07","date_gmt":"2022-06-21T13:00:07","guid":{"rendered":"https:\/\/www.haraldsplass.org\/domkirkehjemmet\/?p=3878"},"modified":"2022-06-21T15:00:07","modified_gmt":"2022-06-21T13:00:07","slug":"sommer-pa-domkirkehjemmet","status":"publish","type":"post","link":"https:\/\/www.haraldsplass.org\/domkirkehjemmet\/2022\/06\/21\/sommer-pa-domkirkehjemmet\/","title":{"rendered":"Sommer p\u00e5 Domkirkehjemmet"},"content":{"rendered":"[vc_row type=&raquo;in_container&raquo; full_screen_row_position=&raquo;middle&raquo; scene_position=&raquo;center&raquo; text_color=&raquo;dark&raquo; text_align=&raquo;left&raquo; overlay_strength=&raquo;0.3&#8243; shape_divider_position=&raquo;bottom&raquo;][vc_column column_padding=&raquo;no-extra-padding&raquo; column_padding_position=&raquo;all&raquo; background_color_opacity=&raquo;1&#8243; background_hover_color_opacity=&raquo;1&#8243; column_shadow=&raquo;none&raquo; column_border_radius=&raquo;none&raquo; width=&raquo;1\/1&#8243; tablet_text_alignment=&raquo;default&raquo; phone_text_alignment=&raquo;default&raquo; column_border_width=&raquo;none&raquo; column_border_style=&raquo;solid&raquo;][vc_column_text]<span style=\"font-weight: 400\">Juni er her. V\u00e6ret st\u00e5r kanskje ikke helt i stil, men det kjennes fortsatt godt! Byen blomstrer, dekket i gr\u00f8nne og fine farger.\u00a0\u00a0\u00a0<\/span><\/p>\n<p><span style=\"font-weight: 400\">Vi \u00f8nsker \u00e5 takke for en str\u00e5lende v\u00e5r, n\u00e5r vi n\u00e5 beveger oss inn i sommerm\u00e5nedene. Programmet har best\u00e5tt av flinke musikere med ulike innslag, historiske tilbakeblikk til Bergenstradisjon og kultur sammen med lokalkjente frivillige, aktivitetsuker, sl\u00e5ende deltakelse og innsats ved sykehjems-OL, og viktigst av alt, vi har skapt gode \u00f8yeblikk i fellesskap. Sommeren vil videre by p\u00e5 et noe redusert aktivitetsprogram som f\u00f8lge av ferieavvikling, men f\u00f8lg fortsatt med p\u00e5 aktivitetsplanen p\u00e5 nett. Fremover st\u00e5r Sankthans, turgrupper, friluftsliv, utflukter, sommerkonserter og masse mer p\u00e5 agendaen. \u00d8nsker du v\u00e6re med p\u00e5 en aktivitet eller bidra, ta gjerne kontakt.<\/span><\/p>\n<p><span style=\"font-weight: 400\">God sommer fra oss!<\/span>[\/vc_column_text][\/vc_column][\/vc_row][vc_row type=&raquo;in_container&raquo; full_screen_row_position=&raquo;middle&raquo; scene_position=&raquo;center&raquo; text_color=&raquo;dark&raquo; text_align=&raquo;left&raquo; overlay_strength=&raquo;0.3&#8243; shape_divider_position=&raquo;bottom&raquo;][vc_column column_padding=&raquo;no-extra-padding&raquo; column_padding_position=&raquo;all&raquo; background_color_opacity=&raquo;1&#8243; background_hover_color_opacity=&raquo;1&#8243; column_shadow=&raquo;none&raquo; column_border_radius=&raquo;none&raquo; width=&raquo;1\/1&#8243; tablet_text_alignment=&raquo;default&raquo; phone_text_alignment=&raquo;default&raquo; column_border_width=&raquo;none&raquo; column_border_style=&raquo;solid&raquo;][vc_gallery type=&raquo;flexslider_style&raquo; images=&raquo;3893,3892,3891,3890,3889,3888,3887,3886,3885,3883,3882,3898,3899&#8243; onclick=&raquo;link_no&raquo;][\/vc_column][\/vc_row]\n","protected":false},"excerpt":{"rendered":"<p>[vc_row type=&raquo;in_container&raquo; full_screen_row_position=&raquo;middle&raquo; scene_position=&raquo;center&raquo; text_color=&raquo;dark&raquo; text_align=&raquo;left&raquo; overlay_strength=&raquo;0.3&#8243; shape_divider_position=&raquo;bottom&raquo;][vc_column column_padding=&raquo;no-extra-padding&raquo; column_padding_position=&raquo;all&raquo; background_color_opacity=&raquo;1&#8243; background_hover_color_opacity=&raquo;1&#8243; column_shadow=&raquo;none&raquo; column_border_radius=&raquo;none&raquo; width=&raquo;1\/1&#8243; tablet_text_alignment=&raquo;default&raquo; phone_text_alignment=&raquo;default&raquo; column_border_width=&raquo;none&raquo; column_border_style=&raquo;solid&raquo;][vc_column_text]Juni er her. V\u00e6ret st\u00e5r kanskje ikke helt i stil, men det&#8230;<\/p>\n","protected":false},"author":9,"featured_media":0,"comment_status":"open","ping_status":"open","sticky":false,"template":"","format":"standard","meta":{"footnotes":""},"categories":[1],"tags":[],"class_list":["post-3878","post","type-post","status-publish","format-standard","category-aktuelt"],"yoast_head":"<!-- This site is optimized with the Yoast SEO plugin v27.3 - https:\/\/yoast.com\/product\/yoast-seo-wordpress\/ -->\n<title>Sommer p\u00e5 Domkirkehjemmet - Domkirkehjemmet<\/title>\n<meta name=\"robots\" content=\"index, follow, max-snippet:-1, max-image-preview:large, max-video-preview:-1\" \/>\n<link rel=\"canonical\" href=\"https:\/\/www.haraldsplass.org\/domkirkehjemmet\/2022\/06\/21\/sommer-pa-domkirkehjemmet\/\" \/>\n<meta property=\"og:locale\" content=\"nb_NO\" \/>\n<meta property=\"og:type\" content=\"article\" \/>\n<meta property=\"og:title\" content=\"Sommer p\u00e5 Domkirkehjemmet - Domkirkehjemmet\" \/>\n<meta property=\"og:description\" content=\"[vc_row type=&raquo;in_container&raquo; full_screen_row_position=&raquo;middle&raquo; scene_position=&raquo;center&raquo; text_color=&raquo;dark&raquo; text_align=&raquo;left&raquo; overlay_strength=&raquo;0.3&#8243; shape_divider_position=&raquo;bottom&raquo;][vc_column column_padding=&raquo;no-extra-padding&raquo; column_padding_position=&raquo;all&raquo; background_color_opacity=&raquo;1&#8243; background_hover_color_opacity=&raquo;1&#8243; column_shadow=&raquo;none&raquo; column_border_radius=&raquo;none&raquo; width=&raquo;1\/1&#8243; tablet_text_alignment=&raquo;default&raquo; phone_text_alignment=&raquo;default&raquo; column_border_width=&raquo;none&raquo; column_border_style=&raquo;solid&raquo;][vc_column_text]Juni er her. V\u00e6ret st\u00e5r kanskje ikke helt i stil, men det...\" \/>\n<meta property=\"og:url\" content=\"https:\/\/www.haraldsplass.org\/domkirkehjemmet\/2022\/06\/21\/sommer-pa-domkirkehjemmet\/\" \/>\n<meta property=\"og:site_name\" content=\"Domkirkehjemmet\" \/>\n<meta property=\"article:published_time\" content=\"2022-06-21T13:00:07+00:00\" \/>\n<meta property=\"og:image\" content=\"http:\/\/www.haraldsplass.org\/domkirkehjemmet\/wp-content\/uploads\/sites\/5\/2022\/06\/278980763_773396490308559_2254732390759400989_n.jpg\" \/>\n\t<meta property=\"og:image:width\" content=\"2048\" \/>\n\t<meta property=\"og:image:height\" content=\"1536\" \/>\n\t<meta property=\"og:image:type\" content=\"image\/jpeg\" \/>\n<meta name=\"author\" content=\"anja\" \/>\n<meta name=\"twitter:card\" content=\"summary_large_image\" \/>\n<meta name=\"twitter:label1\" content=\"Skrevet av\" \/>\n\t<meta name=\"twitter:data1\" content=\"anja\" \/>\n\t<meta name=\"twitter:label2\" content=\"Ansl. lesetid\" \/>\n\t<meta name=\"twitter:data2\" content=\"1 minutt\" \/>\n<script type=\"application\/ld+json\" class=\"yoast-schema-graph\">{\"@context\":\"https:\\\/\\\/schema.org\",\"@graph\":[{\"@type\":\"Article\",\"@id\":\"https:\\\/\\\/www.haraldsplass.org\\\/domkirkehjemmet\\\/2022\\\/06\\\/21\\\/sommer-pa-domkirkehjemmet\\\/#article\",\"isPartOf\":{\"@id\":\"https:\\\/\\\/www.haraldsplass.org\\\/domkirkehjemmet\\\/2022\\\/06\\\/21\\\/sommer-pa-domkirkehjemmet\\\/\"},\"author\":{\"name\":\"anja\",\"@id\":\"https:\\\/\\\/www.haraldsplass.org\\\/domkirkehjemmet\\\/#\\\/schema\\\/person\\\/1987b53d2bd40e23339d70b934b22540\"},\"headline\":\"Sommer p\u00e5 Domkirkehjemmet\",\"datePublished\":\"2022-06-21T13:00:07+00:00\",\"mainEntityOfPage\":{\"@id\":\"https:\\\/\\\/www.haraldsplass.org\\\/domkirkehjemmet\\\/2022\\\/06\\\/21\\\/sommer-pa-domkirkehjemmet\\\/\"},\"wordCount\":293,\"commentCount\":0,\"articleSection\":[\"Aktuelt\"],\"inLanguage\":\"nb-NO\",\"potentialAction\":[{\"@type\":\"CommentAction\",\"name\":\"Comment\",\"target\":[\"https:\\\/\\\/www.haraldsplass.org\\\/domkirkehjemmet\\\/2022\\\/06\\\/21\\\/sommer-pa-domkirkehjemmet\\\/#respond\"]}]},{\"@type\":\"WebPage\",\"@id\":\"https:\\\/\\\/www.haraldsplass.org\\\/domkirkehjemmet\\\/2022\\\/06\\\/21\\\/sommer-pa-domkirkehjemmet\\\/\",\"url\":\"https:\\\/\\\/www.haraldsplass.org\\\/domkirkehjemmet\\\/2022\\\/06\\\/21\\\/sommer-pa-domkirkehjemmet\\\/\",\"name\":\"Sommer p\u00e5 Domkirkehjemmet - Domkirkehjemmet\",\"isPartOf\":{\"@id\":\"https:\\\/\\\/www.haraldsplass.org\\\/domkirkehjemmet\\\/#website\"},\"datePublished\":\"2022-06-21T13:00:07+00:00\",\"author\":{\"@id\":\"https:\\\/\\\/www.haraldsplass.org\\\/domkirkehjemmet\\\/#\\\/schema\\\/person\\\/1987b53d2bd40e23339d70b934b22540\"},\"breadcrumb\":{\"@id\":\"https:\\\/\\\/www.haraldsplass.org\\\/domkirkehjemmet\\\/2022\\\/06\\\/21\\\/sommer-pa-domkirkehjemmet\\\/#breadcrumb\"},\"inLanguage\":\"nb-NO\",\"potentialAction\":[{\"@type\":\"ReadAction\",\"target\":[\"https:\\\/\\\/www.haraldsplass.org\\\/domkirkehjemmet\\\/2022\\\/06\\\/21\\\/sommer-pa-domkirkehjemmet\\\/\"]}]},{\"@type\":\"BreadcrumbList\",\"@id\":\"https:\\\/\\\/www.haraldsplass.org\\\/domkirkehjemmet\\\/2022\\\/06\\\/21\\\/sommer-pa-domkirkehjemmet\\\/#breadcrumb\",\"itemListElement\":[{\"@type\":\"ListItem\",\"position\":1,\"name\":\"Hjem\",\"item\":\"https:\\\/\\\/www.haraldsplass.org\\\/domkirkehjemmet\\\/\"},{\"@type\":\"ListItem\",\"position\":2,\"name\":\"Sommer p\u00e5 Domkirkehjemmet\"}]},{\"@type\":\"WebSite\",\"@id\":\"https:\\\/\\\/www.haraldsplass.org\\\/domkirkehjemmet\\\/#website\",\"url\":\"https:\\\/\\\/www.haraldsplass.org\\\/domkirkehjemmet\\\/\",\"name\":\"Domkirkehjemmet\",\"description\":\"\",\"potentialAction\":[{\"@type\":\"SearchAction\",\"target\":{\"@type\":\"EntryPoint\",\"urlTemplate\":\"https:\\\/\\\/www.haraldsplass.org\\\/domkirkehjemmet\\\/?s={search_term_string}\"},\"query-input\":{\"@type\":\"PropertyValueSpecification\",\"valueRequired\":true,\"valueName\":\"search_term_string\"}}],\"inLanguage\":\"nb-NO\"},{\"@type\":\"Person\",\"@id\":\"https:\\\/\\\/www.haraldsplass.org\\\/domkirkehjemmet\\\/#\\\/schema\\\/person\\\/1987b53d2bd40e23339d70b934b22540\",\"name\":\"anja\",\"image\":{\"@type\":\"ImageObject\",\"inLanguage\":\"nb-NO\",\"@id\":\"https:\\\/\\\/secure.gravatar.com\\\/avatar\\\/103c8628dd1b4e4ce82ea080ef3a3558fbb4b1abb736911dea045a1bf101fdb6?s=96&d=mm&r=g\",\"url\":\"https:\\\/\\\/secure.gravatar.com\\\/avatar\\\/103c8628dd1b4e4ce82ea080ef3a3558fbb4b1abb736911dea045a1bf101fdb6?s=96&d=mm&r=g\",\"contentUrl\":\"https:\\\/\\\/secure.gravatar.com\\\/avatar\\\/103c8628dd1b4e4ce82ea080ef3a3558fbb4b1abb736911dea045a1bf101fdb6?s=96&d=mm&r=g\",\"caption\":\"anja\"}}]}<\/script>\n<!-- \/ Yoast SEO plugin. -->","yoast_head_json":{"title":"Sommer p\u00e5 Domkirkehjemmet - Domkirkehjemmet","robots":{"index":"index","follow":"follow","max-snippet":"max-snippet:-1","max-image-preview":"max-image-preview:large","max-video-preview":"max-video-preview:-1"},"canonical":"https:\/\/www.haraldsplass.org\/domkirkehjemmet\/2022\/06\/21\/sommer-pa-domkirkehjemmet\/","og_locale":"nb_NO","og_type":"article","og_title":"Sommer p\u00e5 Domkirkehjemmet - Domkirkehjemmet","og_description":"[vc_row type=&raquo;in_container&raquo; full_screen_row_position=&raquo;middle&raquo; scene_position=&raquo;center&raquo; text_color=&raquo;dark&raquo; text_align=&raquo;left&raquo; overlay_strength=&raquo;0.3&#8243; shape_divider_position=&raquo;bottom&raquo;][vc_column column_padding=&raquo;no-extra-padding&raquo; column_padding_position=&raquo;all&raquo; background_color_opacity=&raquo;1&#8243; background_hover_color_opacity=&raquo;1&#8243; column_shadow=&raquo;none&raquo; column_border_radius=&raquo;none&raquo; width=&raquo;1\/1&#8243; tablet_text_alignment=&raquo;default&raquo; phone_text_alignment=&raquo;default&raquo; column_border_width=&raquo;none&raquo; column_border_style=&raquo;solid&raquo;][vc_column_text]Juni er her. V\u00e6ret st\u00e5r kanskje ikke helt i stil, men det...","og_url":"https:\/\/www.haraldsplass.org\/domkirkehjemmet\/2022\/06\/21\/sommer-pa-domkirkehjemmet\/","og_site_name":"Domkirkehjemmet","article_published_time":"2022-06-21T13:00:07+00:00","og_image":[{"width":2048,"height":1536,"url":"http:\/\/www.haraldsplass.org\/domkirkehjemmet\/wp-content\/uploads\/sites\/5\/2022\/06\/278980763_773396490308559_2254732390759400989_n.jpg","type":"image\/jpeg"}],"author":"anja","twitter_card":"summary_large_image","twitter_misc":{"Skrevet av":"anja","Ansl. lesetid":"1 minutt"},"schema":{"@context":"https:\/\/schema.org","@graph":[{"@type":"Article","@id":"https:\/\/www.haraldsplass.org\/domkirkehjemmet\/2022\/06\/21\/sommer-pa-domkirkehjemmet\/#article","isPartOf":{"@id":"https:\/\/www.haraldsplass.org\/domkirkehjemmet\/2022\/06\/21\/sommer-pa-domkirkehjemmet\/"},"author":{"name":"anja","@id":"https:\/\/www.haraldsplass.org\/domkirkehjemmet\/#\/schema\/person\/1987b53d2bd40e23339d70b934b22540"},"headline":"Sommer p\u00e5 Domkirkehjemmet","datePublished":"2022-06-21T13:00:07+00:00","mainEntityOfPage":{"@id":"https:\/\/www.haraldsplass.org\/domkirkehjemmet\/2022\/06\/21\/sommer-pa-domkirkehjemmet\/"},"wordCount":293,"commentCount":0,"articleSection":["Aktuelt"],"inLanguage":"nb-NO","potentialAction":[{"@type":"CommentAction","name":"Comment","target":["https:\/\/www.haraldsplass.org\/domkirkehjemmet\/2022\/06\/21\/sommer-pa-domkirkehjemmet\/#respond"]}]},{"@type":"WebPage","@id":"https:\/\/www.haraldsplass.org\/domkirkehjemmet\/2022\/06\/21\/sommer-pa-domkirkehjemmet\/","url":"https:\/\/www.haraldsplass.org\/domkirkehjemmet\/2022\/06\/21\/sommer-pa-domkirkehjemmet\/","name":"Sommer p\u00e5 Domkirkehjemmet - Domkirkehjemmet","isPartOf":{"@id":"https:\/\/www.haraldsplass.org\/domkirkehjemmet\/#website"},"datePublished":"2022-06-21T13:00:07+00:00","author":{"@id":"https:\/\/www.haraldsplass.org\/domkirkehjemmet\/#\/schema\/person\/1987b53d2bd40e23339d70b934b22540"},"breadcrumb":{"@id":"https:\/\/www.haraldsplass.org\/domkirkehjemmet\/2022\/06\/21\/sommer-pa-domkirkehjemmet\/#breadcrumb"},"inLanguage":"nb-NO","potentialAction":[{"@type":"ReadAction","target":["https:\/\/www.haraldsplass.org\/domkirkehjemmet\/2022\/06\/21\/sommer-pa-domkirkehjemmet\/"]}]},{"@type":"BreadcrumbList","@id":"https:\/\/www.haraldsplass.org\/domkirkehjemmet\/2022\/06\/21\/sommer-pa-domkirkehjemmet\/#breadcrumb","itemListElement":[{"@type":"ListItem","position":1,"name":"Hjem","item":"https:\/\/www.haraldsplass.org\/domkirkehjemmet\/"},{"@type":"ListItem","position":2,"name":"Sommer p\u00e5 Domkirkehjemmet"}]},{"@type":"WebSite","@id":"https:\/\/www.haraldsplass.org\/domkirkehjemmet\/#website","url":"https:\/\/www.haraldsplass.org\/domkirkehjemmet\/","name":"Domkirkehjemmet","description":"","potentialAction":[{"@type":"SearchAction","target":{"@type":"EntryPoint","urlTemplate":"https:\/\/www.haraldsplass.org\/domkirkehjemmet\/?s={search_term_string}"},"query-input":{"@type":"PropertyValueSpecification","valueRequired":true,"valueName":"search_term_string"}}],"inLanguage":"nb-NO"},{"@type":"Person","@id":"https:\/\/www.haraldsplass.org\/domkirkehjemmet\/#\/schema\/person\/1987b53d2bd40e23339d70b934b22540","name":"anja","image":{"@type":"ImageObject","inLanguage":"nb-NO","@id":"https:\/\/secure.gravatar.com\/avatar\/103c8628dd1b4e4ce82ea080ef3a3558fbb4b1abb736911dea045a1bf101fdb6?s=96&d=mm&r=g","url":"https:\/\/secure.gravatar.com\/avatar\/103c8628dd1b4e4ce82ea080ef3a3558fbb4b1abb736911dea045a1bf101fdb6?s=96&d=mm&r=g","contentUrl":"https:\/\/secure.gravatar.com\/avatar\/103c8628dd1b4e4ce82ea080ef3a3558fbb4b1abb736911dea045a1bf101fdb6?s=96&d=mm&r=g","caption":"anja"}}]}},"_links":{"self":[{"href":"https:\/\/www.haraldsplass.org\/domkirkehjemmet\/wp-json\/wp\/v2\/posts\/3878","targetHints":{"allow":["GET"]}}],"collection":[{"href":"https:\/\/www.haraldsplass.org\/domkirkehjemmet\/wp-json\/wp\/v2\/posts"}],"about":[{"href":"https:\/\/www.haraldsplass.org\/domkirkehjemmet\/wp-json\/wp\/v2\/types\/post"}],"author":[{"embeddable":true,"href":"https:\/\/www.haraldsplass.org\/domkirkehjemmet\/wp-json\/wp\/v2\/users\/9"}],"replies":[{"embeddable":true,"href":"https:\/\/www.haraldsplass.org\/domkirkehjemmet\/wp-json\/wp\/v2\/comments?post=3878"}],"version-history":[{"count":0,"href":"https:\/\/www.haraldsplass.org\/domkirkehjemmet\/wp-json\/wp\/v2\/posts\/3878\/revisions"}],"wp:attachment":[{"href":"https:\/\/www.haraldsplass.org\/domkirkehjemmet\/wp-json\/wp\/v2\/media?parent=3878"}],"wp:term":[{"taxonomy":"category","embeddable":true,"href":"https:\/\/www.haraldsplass.org\/domkirkehjemmet\/wp-json\/wp\/v2\/categories?post=3878"},{"taxonomy":"post_tag","embeddable":true,"href":"https:\/\/www.haraldsplass.org\/domkirkehjemmet\/wp-json\/wp\/v2\/tags?post=3878"}],"curies":[{"name":"wp","href":"https:\/\/api.w.org\/{rel}","templated":true}]}}