{"id":4886,"date":"2023-12-18T11:52:52","date_gmt":"2023-12-18T10:52:52","guid":{"rendered":"https:\/\/www.haraldsplass.org\/domkirkehjemmet\/?p=4886"},"modified":"2023-12-18T12:07:32","modified_gmt":"2023-12-18T11:07:32","slug":"julebrev-til-parorende","status":"publish","type":"post","link":"https:\/\/www.haraldsplass.org\/domkirkehjemmet\/2023\/12\/18\/julebrev-til-parorende\/","title":{"rendered":"Julebrev til p\u00e5r\u00f8rende"},"content":{"rendered":"[vc_row type=&raquo;in_container&raquo; full_screen_row_position=&raquo;middle&raquo; column_margin=&raquo;default&raquo; column_direction=&raquo;default&raquo; column_direction_tablet=&raquo;default&raquo; column_direction_phone=&raquo;default&raquo; scene_position=&raquo;center&raquo; text_color=&raquo;dark&raquo; text_align=&raquo;left&raquo; row_border_radius=&raquo;none&raquo; row_border_radius_applies=&raquo;bg&raquo; overflow=&raquo;visible&raquo; overlay_strength=&raquo;0.3&#8243; gradient_direction=&raquo;left_to_right&raquo; shape_divider_position=&raquo;bottom&raquo; bg_image_animation=&raquo;none&raquo;][vc_column column_padding=&raquo;no-extra-padding&raquo; column_padding_tablet=&raquo;inherit&raquo; column_padding_phone=&raquo;inherit&raquo; column_padding_position=&raquo;all&raquo; column_element_direction_desktop=&raquo;default&raquo; column_element_spacing=&raquo;default&raquo; desktop_text_alignment=&raquo;default&raquo; tablet_text_alignment=&raquo;default&raquo; phone_text_alignment=&raquo;default&raquo; background_color_opacity=&raquo;1&#8243; background_hover_color_opacity=&raquo;1&#8243; column_backdrop_filter=&raquo;none&raquo; column_shadow=&raquo;none&raquo; column_border_radius=&raquo;none&raquo; column_link_target=&raquo;_self&raquo; column_position=&raquo;default&raquo; gradient_direction=&raquo;left_to_right&raquo; overlay_strength=&raquo;0.3&#8243; width=&raquo;1\/1&#8243; tablet_width_inherit=&raquo;default&raquo; animation_type=&raquo;default&raquo; bg_image_animation=&raquo;none&raquo; border_type=&raquo;simple&raquo; column_border_width=&raquo;none&raquo; column_border_style=&raquo;solid&raquo;][vc_column_text]\n<h3><strong> Julen 2023<\/strong><\/h3>\n[\/vc_column_text][divider line_type=&raquo;No Line&raquo; custom_height=&raquo;20&#8243;][vc_column_text]\n<h4>Kj\u00e6re deg som er p\u00e5r\u00f8rende til beboere p\u00e5 Domkirkehjemmet- en liten julehilsen til deg.<\/h4>\n<p style=\"text-align: left\"><strong><a href=\"http:\/\/www.haraldsplass.org\/domkirkehjemmet\/wp-content\/uploads\/sites\/5\/2023\/12\/Julebrev-til-parorende-2023-.pdf\">Les hele brevet her : Julebrev til p\u00e5r\u00f8rende 2023<\/a><\/strong><\/p>\n<p>Domkirkehjemmet er igjen pyntet med julelys og julestjerner. N\u00e5 g\u00e5r et nytt \u00e5r ut av tiden og vi legger bak oss \u00e5ret 2023.<\/p>\n<p>\u00c5ret p\u00e5 Domkirkehjemmet har v\u00e6rt fylt av glede, aktiviteter, men ogs\u00e5 alvor og savn. Det er vemodig for mange beboere og dere som p\u00e5r\u00f8rende at en av deres m\u00e5 flytte til sykehjem.<\/p>\n<p>Det er store endringer for den som flytter inn hos oss, men ogs\u00e5 for dere p\u00e5r\u00f8rende. Vi h\u00e5per \u00e5 kunne m\u00f8te dere alle med god omsorg.<br \/>\nOmsorg med verdighet er viktig for oss! Vi h\u00e5per at dere p\u00e5r\u00f8rende er trygge p\u00e5 at vi yter det beste for beboerne. Ofte skulle vi hatt flere ansatte p\u00e5 jobb, men rammene er stramme- og vi jobber daglig med gode prioriteringer.<\/p>\n<p>Som dere sikkert har erfart s\u00e5 satser Domkirkehjemmet p\u00e5 aktiviteter og innhold i hverdagen slik at vi kan skape gode \u00f8yeblikk for v\u00e5re beboere \u2013 og hverandre.<br \/>\n\u00d8yeblikket er alt vi har uansett hvem vi er! Ta godt vare p\u00e5 det!<br \/>\nBeboerne har deltatt p\u00e5 ulike aktiviteter som sangstunder, herre- og dameklubber, trimgrupper, ulike turer, quiz l\u00f8yper, andakter, konserter og mye mer. Tilbudet er stort og variert, og vi opplever at de aller fleste av beboerne kan ha glede av et eller flere av tilbudene. Det gleder oss at mange av dere deltar p\u00e5 p\u00e5r\u00f8rendekafeen.<\/p>\n<p>Noen av beboerne er for syke til \u00e5 delta p\u00e5 aktiviteter, men vi pr\u00f8ver \u00e5 n\u00e5 alle s\u00e5 godt vi kan. Ved alvorlig sykdom og d\u00f8d er v\u00e5re ansatte der for \u00e5 gi trygghet og lindring n\u00e5r livet g\u00e5r mot slutten.<br \/>\nVi lyser fred over de som har g\u00e5tt bort i 2023.<\/p>\n<p>Jeg vil takke dere alle for godheten dere som p\u00e5r\u00f8rende viser for deres kj\u00e6re.<br \/>\nVi \u00f8nsker dere alle en velsignet, fredfull og god jul med glede, kj\u00e6rlighet og god helse.<\/p>\n<p>Julehilsen fra oss p\u00e5 Domkirkehjemmet<br \/>\n<strong>Elin Sjursen, Institusjonssjef.<\/strong>[\/vc_column_text][divider line_type=&raquo;No Line&raquo; custom_height=&raquo;40&#8243;][\/vc_column][\/vc_row]\n","protected":false},"excerpt":{"rendered":"<p>[vc_row type=&raquo;in_container&raquo; full_screen_row_position=&raquo;middle&raquo; column_margin=&raquo;default&raquo; column_direction=&raquo;default&raquo; column_direction_tablet=&raquo;default&raquo; column_direction_phone=&raquo;default&raquo; scene_position=&raquo;center&raquo; text_color=&raquo;dark&raquo; text_align=&raquo;left&raquo; row_border_radius=&raquo;none&raquo; row_border_radius_applies=&raquo;bg&raquo; overflow=&raquo;visible&raquo; overlay_strength=&raquo;0.3&#8243; gradient_direction=&raquo;left_to_right&raquo; shape_divider_position=&raquo;bottom&raquo; bg_image_animation=&raquo;none&raquo;][vc_column column_padding=&raquo;no-extra-padding&raquo; column_padding_tablet=&raquo;inherit&raquo; column_padding_phone=&raquo;inherit&raquo; column_padding_position=&raquo;all&raquo; column_element_direction_desktop=&raquo;default&raquo; column_element_spacing=&raquo;default&raquo; desktop_text_alignment=&raquo;default&raquo; tablet_text_alignment=&raquo;default&raquo; phone_text_alignment=&raquo;default&raquo; background_color_opacity=&raquo;1&#8243; background_hover_color_opacity=&raquo;1&#8243; column_backdrop_filter=&raquo;none&raquo; column_shadow=&raquo;none&raquo;&#8230;<\/p>\n","protected":false},"author":9,"featured_media":4888,"comment_status":"closed","ping_status":"closed","sticky":false,"template":"","format":"standard","meta":{"footnotes":""},"categories":[1],"tags":[],"class_list":["post-4886","post","type-post","status-publish","format-standard","has-post-thumbnail","category-aktuelt"],"yoast_head":"<!-- This site is optimized with the Yoast SEO plugin v27.5 - https:\/\/yoast.com\/product\/yoast-seo-wordpress\/ -->\n<title>Julebrev til p\u00e5r\u00f8rende - Domkirkehjemmet<\/title>\n<meta name=\"robots\" content=\"index, follow, max-snippet:-1, max-image-preview:large, max-video-preview:-1\" \/>\n<link rel=\"canonical\" href=\"https:\/\/www.haraldsplass.org\/domkirkehjemmet\/2023\/12\/18\/julebrev-til-parorende\/\" \/>\n<meta property=\"og:locale\" content=\"nb_NO\" \/>\n<meta property=\"og:type\" content=\"article\" \/>\n<meta property=\"og:title\" content=\"Julebrev til p\u00e5r\u00f8rende - Domkirkehjemmet\" \/>\n<meta property=\"og:description\" content=\"[vc_row type=&raquo;in_container&raquo; full_screen_row_position=&raquo;middle&raquo; column_margin=&raquo;default&raquo; column_direction=&raquo;default&raquo; column_direction_tablet=&raquo;default&raquo; column_direction_phone=&raquo;default&raquo; scene_position=&raquo;center&raquo; text_color=&raquo;dark&raquo; text_align=&raquo;left&raquo; row_border_radius=&raquo;none&raquo; row_border_radius_applies=&raquo;bg&raquo; overflow=&raquo;visible&raquo; overlay_strength=&raquo;0.3&#8243; gradient_direction=&raquo;left_to_right&raquo; shape_divider_position=&raquo;bottom&raquo; bg_image_animation=&raquo;none&raquo;][vc_column column_padding=&raquo;no-extra-padding&raquo; column_padding_tablet=&raquo;inherit&raquo; column_padding_phone=&raquo;inherit&raquo; column_padding_position=&raquo;all&raquo; column_element_direction_desktop=&raquo;default&raquo; column_element_spacing=&raquo;default&raquo; desktop_text_alignment=&raquo;default&raquo; tablet_text_alignment=&raquo;default&raquo; phone_text_alignment=&raquo;default&raquo; background_color_opacity=&raquo;1&#8243; background_hover_color_opacity=&raquo;1&#8243; column_backdrop_filter=&raquo;none&raquo; column_shadow=&raquo;none&raquo;...\" \/>\n<meta property=\"og:url\" content=\"https:\/\/www.haraldsplass.org\/domkirkehjemmet\/2023\/12\/18\/julebrev-til-parorende\/\" \/>\n<meta property=\"og:site_name\" content=\"Domkirkehjemmet\" \/>\n<meta property=\"article:published_time\" content=\"2023-12-18T10:52:52+00:00\" \/>\n<meta property=\"article:modified_time\" content=\"2023-12-18T11:07:32+00:00\" \/>\n<meta property=\"og:image\" content=\"http:\/\/www.haraldsplass.org\/domkirkehjemmet\/wp-content\/uploads\/sites\/5\/2023\/12\/R-1.jpg\" \/>\n\t<meta property=\"og:image:width\" content=\"1920\" \/>\n\t<meta property=\"og:image:height\" content=\"1280\" \/>\n\t<meta property=\"og:image:type\" content=\"image\/jpeg\" \/>\n<meta name=\"author\" content=\"anja\" \/>\n<meta name=\"twitter:card\" content=\"summary_large_image\" \/>\n<meta name=\"twitter:label1\" content=\"Skrevet av\" \/>\n\t<meta name=\"twitter:data1\" content=\"anja\" \/>\n\t<meta name=\"twitter:label2\" content=\"Ansl. lesetid\" \/>\n\t<meta name=\"twitter:data2\" content=\"3 minutter\" \/>\n<script type=\"application\/ld+json\" class=\"yoast-schema-graph\">{\"@context\":\"https:\\\/\\\/schema.org\",\"@graph\":[{\"@type\":\"Article\",\"@id\":\"https:\\\/\\\/www.haraldsplass.org\\\/domkirkehjemmet\\\/2023\\\/12\\\/18\\\/julebrev-til-parorende\\\/#article\",\"isPartOf\":{\"@id\":\"https:\\\/\\\/www.haraldsplass.org\\\/domkirkehjemmet\\\/2023\\\/12\\\/18\\\/julebrev-til-parorende\\\/\"},\"author\":{\"name\":\"anja\",\"@id\":\"https:\\\/\\\/www.haraldsplass.org\\\/domkirkehjemmet\\\/#\\\/schema\\\/person\\\/1987b53d2bd40e23339d70b934b22540\"},\"headline\":\"Julebrev til p\u00e5r\u00f8rende\",\"datePublished\":\"2023-12-18T10:52:52+00:00\",\"dateModified\":\"2023-12-18T11:07:32+00:00\",\"mainEntityOfPage\":{\"@id\":\"https:\\\/\\\/www.haraldsplass.org\\\/domkirkehjemmet\\\/2023\\\/12\\\/18\\\/julebrev-til-parorende\\\/\"},\"wordCount\":539,\"image\":{\"@id\":\"https:\\\/\\\/www.haraldsplass.org\\\/domkirkehjemmet\\\/2023\\\/12\\\/18\\\/julebrev-til-parorende\\\/#primaryimage\"},\"thumbnailUrl\":\"https:\\\/\\\/www.haraldsplass.org\\\/domkirkehjemmet\\\/wp-content\\\/uploads\\\/sites\\\/5\\\/2023\\\/12\\\/R-1.jpg\",\"articleSection\":[\"Aktuelt\"],\"inLanguage\":\"nb-NO\"},{\"@type\":\"WebPage\",\"@id\":\"https:\\\/\\\/www.haraldsplass.org\\\/domkirkehjemmet\\\/2023\\\/12\\\/18\\\/julebrev-til-parorende\\\/\",\"url\":\"https:\\\/\\\/www.haraldsplass.org\\\/domkirkehjemmet\\\/2023\\\/12\\\/18\\\/julebrev-til-parorende\\\/\",\"name\":\"Julebrev til p\u00e5r\u00f8rende - Domkirkehjemmet\",\"isPartOf\":{\"@id\":\"https:\\\/\\\/www.haraldsplass.org\\\/domkirkehjemmet\\\/#website\"},\"primaryImageOfPage\":{\"@id\":\"https:\\\/\\\/www.haraldsplass.org\\\/domkirkehjemmet\\\/2023\\\/12\\\/18\\\/julebrev-til-parorende\\\/#primaryimage\"},\"image\":{\"@id\":\"https:\\\/\\\/www.haraldsplass.org\\\/domkirkehjemmet\\\/2023\\\/12\\\/18\\\/julebrev-til-parorende\\\/#primaryimage\"},\"thumbnailUrl\":\"https:\\\/\\\/www.haraldsplass.org\\\/domkirkehjemmet\\\/wp-content\\\/uploads\\\/sites\\\/5\\\/2023\\\/12\\\/R-1.jpg\",\"datePublished\":\"2023-12-18T10:52:52+00:00\",\"dateModified\":\"2023-12-18T11:07:32+00:00\",\"author\":{\"@id\":\"https:\\\/\\\/www.haraldsplass.org\\\/domkirkehjemmet\\\/#\\\/schema\\\/person\\\/1987b53d2bd40e23339d70b934b22540\"},\"breadcrumb\":{\"@id\":\"https:\\\/\\\/www.haraldsplass.org\\\/domkirkehjemmet\\\/2023\\\/12\\\/18\\\/julebrev-til-parorende\\\/#breadcrumb\"},\"inLanguage\":\"nb-NO\",\"potentialAction\":[{\"@type\":\"ReadAction\",\"target\":[\"https:\\\/\\\/www.haraldsplass.org\\\/domkirkehjemmet\\\/2023\\\/12\\\/18\\\/julebrev-til-parorende\\\/\"]}]},{\"@type\":\"ImageObject\",\"inLanguage\":\"nb-NO\",\"@id\":\"https:\\\/\\\/www.haraldsplass.org\\\/domkirkehjemmet\\\/2023\\\/12\\\/18\\\/julebrev-til-parorende\\\/#primaryimage\",\"url\":\"https:\\\/\\\/www.haraldsplass.org\\\/domkirkehjemmet\\\/wp-content\\\/uploads\\\/sites\\\/5\\\/2023\\\/12\\\/R-1.jpg\",\"contentUrl\":\"https:\\\/\\\/www.haraldsplass.org\\\/domkirkehjemmet\\\/wp-content\\\/uploads\\\/sites\\\/5\\\/2023\\\/12\\\/R-1.jpg\",\"width\":1920,\"height\":1280,\"caption\":\"R\u00f6d julboll med silvrig svensk text \\\"god jul\\\" h\u00e4ngde i julgranen.\"},{\"@type\":\"BreadcrumbList\",\"@id\":\"https:\\\/\\\/www.haraldsplass.org\\\/domkirkehjemmet\\\/2023\\\/12\\\/18\\\/julebrev-til-parorende\\\/#breadcrumb\",\"itemListElement\":[{\"@type\":\"ListItem\",\"position\":1,\"name\":\"Hjem\",\"item\":\"https:\\\/\\\/www.haraldsplass.org\\\/domkirkehjemmet\\\/\"},{\"@type\":\"ListItem\",\"position\":2,\"name\":\"Julebrev til p\u00e5r\u00f8rende\"}]},{\"@type\":\"WebSite\",\"@id\":\"https:\\\/\\\/www.haraldsplass.org\\\/domkirkehjemmet\\\/#website\",\"url\":\"https:\\\/\\\/www.haraldsplass.org\\\/domkirkehjemmet\\\/\",\"name\":\"Domkirkehjemmet\",\"description\":\"\",\"potentialAction\":[{\"@type\":\"SearchAction\",\"target\":{\"@type\":\"EntryPoint\",\"urlTemplate\":\"https:\\\/\\\/www.haraldsplass.org\\\/domkirkehjemmet\\\/?s={search_term_string}\"},\"query-input\":{\"@type\":\"PropertyValueSpecification\",\"valueRequired\":true,\"valueName\":\"search_term_string\"}}],\"inLanguage\":\"nb-NO\"},{\"@type\":\"Person\",\"@id\":\"https:\\\/\\\/www.haraldsplass.org\\\/domkirkehjemmet\\\/#\\\/schema\\\/person\\\/1987b53d2bd40e23339d70b934b22540\",\"name\":\"anja\",\"image\":{\"@type\":\"ImageObject\",\"inLanguage\":\"nb-NO\",\"@id\":\"https:\\\/\\\/secure.gravatar.com\\\/avatar\\\/103c8628dd1b4e4ce82ea080ef3a3558fbb4b1abb736911dea045a1bf101fdb6?s=96&d=mm&r=g\",\"url\":\"https:\\\/\\\/secure.gravatar.com\\\/avatar\\\/103c8628dd1b4e4ce82ea080ef3a3558fbb4b1abb736911dea045a1bf101fdb6?s=96&d=mm&r=g\",\"contentUrl\":\"https:\\\/\\\/secure.gravatar.com\\\/avatar\\\/103c8628dd1b4e4ce82ea080ef3a3558fbb4b1abb736911dea045a1bf101fdb6?s=96&d=mm&r=g\",\"caption\":\"anja\"}}]}<\/script>\n<!-- \/ Yoast SEO plugin. -->","yoast_head_json":{"title":"Julebrev til p\u00e5r\u00f8rende - Domkirkehjemmet","robots":{"index":"index","follow":"follow","max-snippet":"max-snippet:-1","max-image-preview":"max-image-preview:large","max-video-preview":"max-video-preview:-1"},"canonical":"https:\/\/www.haraldsplass.org\/domkirkehjemmet\/2023\/12\/18\/julebrev-til-parorende\/","og_locale":"nb_NO","og_type":"article","og_title":"Julebrev til p\u00e5r\u00f8rende - Domkirkehjemmet","og_description":"[vc_row type=&raquo;in_container&raquo; full_screen_row_position=&raquo;middle&raquo; column_margin=&raquo;default&raquo; column_direction=&raquo;default&raquo; column_direction_tablet=&raquo;default&raquo; column_direction_phone=&raquo;default&raquo; scene_position=&raquo;center&raquo; text_color=&raquo;dark&raquo; text_align=&raquo;left&raquo; row_border_radius=&raquo;none&raquo; row_border_radius_applies=&raquo;bg&raquo; overflow=&raquo;visible&raquo; overlay_strength=&raquo;0.3&#8243; gradient_direction=&raquo;left_to_right&raquo; shape_divider_position=&raquo;bottom&raquo; bg_image_animation=&raquo;none&raquo;][vc_column column_padding=&raquo;no-extra-padding&raquo; column_padding_tablet=&raquo;inherit&raquo; column_padding_phone=&raquo;inherit&raquo; column_padding_position=&raquo;all&raquo; column_element_direction_desktop=&raquo;default&raquo; column_element_spacing=&raquo;default&raquo; desktop_text_alignment=&raquo;default&raquo; tablet_text_alignment=&raquo;default&raquo; phone_text_alignment=&raquo;default&raquo; background_color_opacity=&raquo;1&#8243; background_hover_color_opacity=&raquo;1&#8243; column_backdrop_filter=&raquo;none&raquo; column_shadow=&raquo;none&raquo;...","og_url":"https:\/\/www.haraldsplass.org\/domkirkehjemmet\/2023\/12\/18\/julebrev-til-parorende\/","og_site_name":"Domkirkehjemmet","article_published_time":"2023-12-18T10:52:52+00:00","article_modified_time":"2023-12-18T11:07:32+00:00","og_image":[{"width":1920,"height":1280,"url":"http:\/\/www.haraldsplass.org\/domkirkehjemmet\/wp-content\/uploads\/sites\/5\/2023\/12\/R-1.jpg","type":"image\/jpeg"}],"author":"anja","twitter_card":"summary_large_image","twitter_misc":{"Skrevet av":"anja","Ansl. lesetid":"3 minutter"},"schema":{"@context":"https:\/\/schema.org","@graph":[{"@type":"Article","@id":"https:\/\/www.haraldsplass.org\/domkirkehjemmet\/2023\/12\/18\/julebrev-til-parorende\/#article","isPartOf":{"@id":"https:\/\/www.haraldsplass.org\/domkirkehjemmet\/2023\/12\/18\/julebrev-til-parorende\/"},"author":{"name":"anja","@id":"https:\/\/www.haraldsplass.org\/domkirkehjemmet\/#\/schema\/person\/1987b53d2bd40e23339d70b934b22540"},"headline":"Julebrev til p\u00e5r\u00f8rende","datePublished":"2023-12-18T10:52:52+00:00","dateModified":"2023-12-18T11:07:32+00:00","mainEntityOfPage":{"@id":"https:\/\/www.haraldsplass.org\/domkirkehjemmet\/2023\/12\/18\/julebrev-til-parorende\/"},"wordCount":539,"image":{"@id":"https:\/\/www.haraldsplass.org\/domkirkehjemmet\/2023\/12\/18\/julebrev-til-parorende\/#primaryimage"},"thumbnailUrl":"https:\/\/www.haraldsplass.org\/domkirkehjemmet\/wp-content\/uploads\/sites\/5\/2023\/12\/R-1.jpg","articleSection":["Aktuelt"],"inLanguage":"nb-NO"},{"@type":"WebPage","@id":"https:\/\/www.haraldsplass.org\/domkirkehjemmet\/2023\/12\/18\/julebrev-til-parorende\/","url":"https:\/\/www.haraldsplass.org\/domkirkehjemmet\/2023\/12\/18\/julebrev-til-parorende\/","name":"Julebrev til p\u00e5r\u00f8rende - Domkirkehjemmet","isPartOf":{"@id":"https:\/\/www.haraldsplass.org\/domkirkehjemmet\/#website"},"primaryImageOfPage":{"@id":"https:\/\/www.haraldsplass.org\/domkirkehjemmet\/2023\/12\/18\/julebrev-til-parorende\/#primaryimage"},"image":{"@id":"https:\/\/www.haraldsplass.org\/domkirkehjemmet\/2023\/12\/18\/julebrev-til-parorende\/#primaryimage"},"thumbnailUrl":"https:\/\/www.haraldsplass.org\/domkirkehjemmet\/wp-content\/uploads\/sites\/5\/2023\/12\/R-1.jpg","datePublished":"2023-12-18T10:52:52+00:00","dateModified":"2023-12-18T11:07:32+00:00","author":{"@id":"https:\/\/www.haraldsplass.org\/domkirkehjemmet\/#\/schema\/person\/1987b53d2bd40e23339d70b934b22540"},"breadcrumb":{"@id":"https:\/\/www.haraldsplass.org\/domkirkehjemmet\/2023\/12\/18\/julebrev-til-parorende\/#breadcrumb"},"inLanguage":"nb-NO","potentialAction":[{"@type":"ReadAction","target":["https:\/\/www.haraldsplass.org\/domkirkehjemmet\/2023\/12\/18\/julebrev-til-parorende\/"]}]},{"@type":"ImageObject","inLanguage":"nb-NO","@id":"https:\/\/www.haraldsplass.org\/domkirkehjemmet\/2023\/12\/18\/julebrev-til-parorende\/#primaryimage","url":"https:\/\/www.haraldsplass.org\/domkirkehjemmet\/wp-content\/uploads\/sites\/5\/2023\/12\/R-1.jpg","contentUrl":"https:\/\/www.haraldsplass.org\/domkirkehjemmet\/wp-content\/uploads\/sites\/5\/2023\/12\/R-1.jpg","width":1920,"height":1280,"caption":"R\u00f6d julboll med silvrig svensk text \"god jul\" h\u00e4ngde i julgranen."},{"@type":"BreadcrumbList","@id":"https:\/\/www.haraldsplass.org\/domkirkehjemmet\/2023\/12\/18\/julebrev-til-parorende\/#breadcrumb","itemListElement":[{"@type":"ListItem","position":1,"name":"Hjem","item":"https:\/\/www.haraldsplass.org\/domkirkehjemmet\/"},{"@type":"ListItem","position":2,"name":"Julebrev til p\u00e5r\u00f8rende"}]},{"@type":"WebSite","@id":"https:\/\/www.haraldsplass.org\/domkirkehjemmet\/#website","url":"https:\/\/www.haraldsplass.org\/domkirkehjemmet\/","name":"Domkirkehjemmet","description":"","potentialAction":[{"@type":"SearchAction","target":{"@type":"EntryPoint","urlTemplate":"https:\/\/www.haraldsplass.org\/domkirkehjemmet\/?s={search_term_string}"},"query-input":{"@type":"PropertyValueSpecification","valueRequired":true,"valueName":"search_term_string"}}],"inLanguage":"nb-NO"},{"@type":"Person","@id":"https:\/\/www.haraldsplass.org\/domkirkehjemmet\/#\/schema\/person\/1987b53d2bd40e23339d70b934b22540","name":"anja","image":{"@type":"ImageObject","inLanguage":"nb-NO","@id":"https:\/\/secure.gravatar.com\/avatar\/103c8628dd1b4e4ce82ea080ef3a3558fbb4b1abb736911dea045a1bf101fdb6?s=96&d=mm&r=g","url":"https:\/\/secure.gravatar.com\/avatar\/103c8628dd1b4e4ce82ea080ef3a3558fbb4b1abb736911dea045a1bf101fdb6?s=96&d=mm&r=g","contentUrl":"https:\/\/secure.gravatar.com\/avatar\/103c8628dd1b4e4ce82ea080ef3a3558fbb4b1abb736911dea045a1bf101fdb6?s=96&d=mm&r=g","caption":"anja"}}]}},"_links":{"self":[{"href":"https:\/\/www.haraldsplass.org\/domkirkehjemmet\/wp-json\/wp\/v2\/posts\/4886","targetHints":{"allow":["GET"]}}],"collection":[{"href":"https:\/\/www.haraldsplass.org\/domkirkehjemmet\/wp-json\/wp\/v2\/posts"}],"about":[{"href":"https:\/\/www.haraldsplass.org\/domkirkehjemmet\/wp-json\/wp\/v2\/types\/post"}],"author":[{"embeddable":true,"href":"https:\/\/www.haraldsplass.org\/domkirkehjemmet\/wp-json\/wp\/v2\/users\/9"}],"replies":[{"embeddable":true,"href":"https:\/\/www.haraldsplass.org\/domkirkehjemmet\/wp-json\/wp\/v2\/comments?post=4886"}],"version-history":[{"count":0,"href":"https:\/\/www.haraldsplass.org\/domkirkehjemmet\/wp-json\/wp\/v2\/posts\/4886\/revisions"}],"wp:featuredmedia":[{"embeddable":true,"href":"https:\/\/www.haraldsplass.org\/domkirkehjemmet\/wp-json\/wp\/v2\/media\/4888"}],"wp:attachment":[{"href":"https:\/\/www.haraldsplass.org\/domkirkehjemmet\/wp-json\/wp\/v2\/media?parent=4886"}],"wp:term":[{"taxonomy":"category","embeddable":true,"href":"https:\/\/www.haraldsplass.org\/domkirkehjemmet\/wp-json\/wp\/v2\/categories?post=4886"},{"taxonomy":"post_tag","embeddable":true,"href":"https:\/\/www.haraldsplass.org\/domkirkehjemmet\/wp-json\/wp\/v2\/tags?post=4886"}],"curies":[{"name":"wp","href":"https:\/\/api.w.org\/{rel}","templated":true}]}}