{"id":136,"date":"2025-11-27T09:29:17","date_gmt":"2025-11-27T08:29:17","guid":{"rendered":"https:\/\/www.haraldsplass.org\/grefsenhjemmet\/?p=136"},"modified":"2025-11-27T09:29:17","modified_gmt":"2025-11-27T08:29:17","slug":"hoyesterett-behandler-sak-om-ideelle-aktorer","status":"publish","type":"post","link":"https:\/\/www.haraldsplass.org\/grefsenhjemmet\/2025\/11\/27\/hoyesterett-behandler-sak-om-ideelle-aktorer\/","title":{"rendered":"H\u00f8yesterett behandler sak om ideelle akt\u00f8rer"},"content":{"rendered":"[vc_row type=&raquo;in_container&raquo; full_screen_row_position=&raquo;middle&raquo; column_margin=&raquo;default&raquo; column_direction=&raquo;default&raquo; column_direction_tablet=&raquo;default&raquo; column_direction_phone=&raquo;default&raquo; scene_position=&raquo;center&raquo; text_color=&raquo;dark&raquo; text_align=&raquo;left&raquo; row_border_radius=&raquo;none&raquo; row_border_radius_applies=&raquo;bg&raquo; overflow=&raquo;visible&raquo; overlay_strength=&raquo;0.3&#8243; gradient_direction=&raquo;left_to_right&raquo; shape_divider_position=&raquo;bottom&raquo; bg_image_animation=&raquo;none&raquo;][vc_column column_padding=&raquo;no-extra-padding&raquo; column_padding_tablet=&raquo;inherit&raquo; column_padding_phone=&raquo;inherit&raquo; column_padding_position=&raquo;all&raquo; column_element_direction_desktop=&raquo;default&raquo; column_element_spacing=&raquo;default&raquo; desktop_text_alignment=&raquo;default&raquo; tablet_text_alignment=&raquo;default&raquo; phone_text_alignment=&raquo;default&raquo; background_color_opacity=&raquo;1&#8243; background_hover_color_opacity=&raquo;1&#8243; column_backdrop_filter=&raquo;none&raquo; column_shadow=&raquo;none&raquo; column_border_radius=&raquo;none&raquo; column_link_target=&raquo;_self&raquo; column_position=&raquo;default&raquo; gradient_direction=&raquo;left_to_right&raquo; overlay_strength=&raquo;0.3&#8243; width=&raquo;1\/1&#8243; tablet_width_inherit=&raquo;default&raquo; animation_type=&raquo;default&raquo; bg_image_animation=&raquo;none&raquo; border_type=&raquo;simple&raquo; column_border_width=&raquo;none&raquo; column_border_style=&raquo;solid&raquo;][vc_column_text css=&raquo;&raquo; text_direction=&raquo;default&raquo;]<strong>4.\u20137. november behandlet H\u00f8yesterett saken om Oslo kommunes rett til \u00e5 reservere konkurranser for ideelle organisasjoner. Utfallet kan f\u00e5 betydning for fremtidens velferdstjenester.<\/strong>[\/vc_column_text][divider line_type=&raquo;No Line&raquo; custom_height=&raquo;20&#8243;][vc_column_text css=&raquo;&raquo; text_direction=&raquo;default&raquo;]\n<div class=\"wpb_text_column wpb_content_element \">\n<div class=\"wpb_wrapper\">\n<p>Over hele landet venter n\u00e5 ideelle organisasjoner p\u00e5 den kommende saken, og er spente p\u00e5 utfallet.<\/p>\n<\/div>\n<\/div>\n<div class=\"wpb_text_column wpb_content_element \">\n<div class=\"wpb_wrapper\">\n<p>Saken som skal opp i landets \u00f8verste rettsinstans startet med at Oslo kommune \u00f8nsket \u00e5 reservere en konkurranse om 800 sykehjemsplasser for ideelle akt\u00f8rer. De kommersielle selskapene Stendi AS og Norlandia Care Norge AS gikk til sak for \u00e5 stanse dette. Kommunen tapte b\u00e5de i tingretten og lagmannsretten, men har anket saken til H\u00f8yesterett.<\/p>\n<p><strong>Prinsipielle sp\u00f8rsm\u00e5l<\/strong><\/p>\n<p>\u2013 Denne rettssaken handler ikke bare om et anbud \u2013 den handler om anerkjennelsen av ideelle organisasjoner som en egen og viktig del av velferdssamfunnet, sier J\u00f8rn-Henning Theis, administrerende direkt\u00f8r i Stiftelsen Diakonova Haraldsplass.<\/p>\n<p>Han sier at saken i H\u00f8yesterett ikke skal behandle om det offentlige kan reservere en konkurranse eller ikke for ideelle, men hvordan den m\u00e5 innrettes for \u00e5 kunne reserveres.<\/p>\n<p>\u2013 Reservasjon er et n\u00f8dvendig og lovlig virkemiddel for \u00e5 sikre mangfold, verdibasert drift og sosial merverdi, sier Theis.<\/p>\n<p><strong>Verdibasert velferd med sosial merverdi<\/strong><\/p>\n<p>Ideelle organisasjoner har i over 100 \u00e5r v\u00e6rt sentrale i utviklingen av det norske velferdssamfunnet. De leverer profesjonelle, verdibaserte og form\u00e5lsdrevne tjenester, der alt overskudd g\u00e5r tilbake til tjenestene.<\/p>\n<p>\u2013\u00a0Ideelle organisasjoner drives av form\u00e5l, ikke profitt. Alt overskudd g\u00e5r tilbake til tjenestene \u2013 til menneskene vi ivaretar. Derfor m\u00e5 vi ha rammevilk\u00e5r som gj\u00f8r det mulig for ideelle akt\u00f8rer \u00e5 fortsette \u00e5 levere velferd med h\u00f8y kvalitet og hjerte for fellesskapet, sier samfunnskontakt Astrid Aarhus Byrknes.<\/p>\n<p><strong>Ideelt Nettverk st\u00f8tter Oslo kommune<\/strong><\/p>\n<p>N\u00e5r saken n\u00e5 behandles i H\u00f8yesterett, er Ideelt Nettverk partshjelper for Oslo kommune. Nettverket \u00a0representerer en rekke ideelle velferdsorganisasjoner i Norge og arbeider for bedre rammevilk\u00e5r for sektoren.<\/p>\n<p>\u2013 Uansett utfall i H\u00f8yesterett kan konkurranser fortsatt reserveres for ideelle akt\u00f8rer, s\u00e5 lenge vilk\u00e5rene er oppfylt, sier Anita Ellefsen, divisjonsdirekt\u00f8r Bl\u00e5 Kors behandling og leder av Ideelt Nettverk.<\/p>\n<p>Hun understreker at saken handler om mer enn juss:<br \/>\n\u2013 Det er bra med mangfold, men det m\u00e5 anerkjennes at ideelle organisasjoner er noe annet enn kommersielle akt\u00f8rer. Reservasjon er ett av flere virkemidler for \u00e5 fremme ideelle, og derfor er denne rettssaken viktig, sier Ellefsen.<\/p>\n<p>De viktigste sakene nettverket arbeider for er:<\/p>\n<ul>\n<li>Tydeliggj\u00f8re handlingsrommet for\u00a0\u00e5 reservere konkurranser\u00a0for ideelle organisasjoner\u00a0i\u00a0lover,\u00a0forskrifter\u00a0og veiledere.<\/li>\n<li>Juridisk definisjon av ideell akt\u00f8r og register. Dette vil\u00a0v\u00e6re et viktige\u00a0virkemidler\u00a0for at offentlig sektor\u00a0i st\u00f8rre grad\u00a0benytter\u00a0muligheten til \u00e5 reservere\u00a0offentlige\u00a0anskaffelser for ideelle akt\u00f8rer.<\/li>\n<li>L\u00f8sning for\u00a0ideelle organisasjoners\u00a0historiske pensjonsforpliktelser p\u00e5 kommunalt og fylkeskommunalt niv\u00e5.\u00a0Historiske pensjonsforpliktelser er l\u00f8st p\u00e5 statlig niv\u00e5.<\/li>\n<li>Nasjonal strategi for ideell vekst.\u00a0Strategien m\u00e5 inneholde\u00a0forslag til rammebetingelser\u00a0som\u00a0gir\u00a0rom for mangfold, fleksibilitet og\u00a0nytenkning i\u00a0ideell sektor\u00a0og i samfunnet.<\/li>\n<\/ul>\n<\/div>\n<\/div>\n[\/vc_column_text][\/vc_column][\/vc_row][vc_row type=&raquo;in_container&raquo; full_screen_row_position=&raquo;middle&raquo; column_margin=&raquo;default&raquo; column_direction=&raquo;default&raquo; column_direction_tablet=&raquo;default&raquo; column_direction_phone=&raquo;default&raquo; scene_position=&raquo;center&raquo; text_color=&raquo;dark&raquo; text_align=&raquo;left&raquo; row_border_radius=&raquo;none&raquo; row_border_radius_applies=&raquo;bg&raquo; overflow=&raquo;visible&raquo; overlay_strength=&raquo;0.3&#8243; gradient_direction=&raquo;left_to_right&raquo; shape_divider_position=&raquo;bottom&raquo; bg_image_animation=&raquo;none&raquo;][vc_column column_padding=&raquo;no-extra-padding&raquo; column_padding_tablet=&raquo;inherit&raquo; column_padding_phone=&raquo;inherit&raquo; column_padding_position=&raquo;all&raquo; column_element_direction_desktop=&raquo;default&raquo; column_element_spacing=&raquo;default&raquo; desktop_text_alignment=&raquo;default&raquo; tablet_text_alignment=&raquo;default&raquo; phone_text_alignment=&raquo;default&raquo; background_color_opacity=&raquo;1&#8243; background_hover_color_opacity=&raquo;1&#8243; column_backdrop_filter=&raquo;none&raquo; column_shadow=&raquo;none&raquo; column_border_radius=&raquo;none&raquo; column_link_target=&raquo;_self&raquo; column_position=&raquo;default&raquo; gradient_direction=&raquo;left_to_right&raquo; overlay_strength=&raquo;0.3&#8243; width=&raquo;1\/1&#8243; tablet_width_inherit=&raquo;default&raquo; animation_type=&raquo;default&raquo; bg_image_animation=&raquo;none&raquo; border_type=&raquo;simple&raquo; column_border_width=&raquo;none&raquo; column_border_style=&raquo;solid&raquo;][divider line_type=&raquo;Full Width Line&raquo; line_thickness=&raquo;1&#8243; divider_color=&raquo;default&raquo;][\/vc_column][\/vc_row]\n","protected":false},"excerpt":{"rendered":"<p>[vc_row type=&raquo;in_container&raquo; full_screen_row_position=&raquo;middle&raquo; column_margin=&raquo;default&raquo; column_direction=&raquo;default&raquo; column_direction_tablet=&raquo;default&raquo; column_direction_phone=&raquo;default&raquo; scene_position=&raquo;center&raquo; text_color=&raquo;dark&raquo; text_align=&raquo;left&raquo; row_border_radius=&raquo;none&raquo; row_border_radius_applies=&raquo;bg&raquo; overflow=&raquo;visible&raquo; overlay_strength=&raquo;0.3&#8243; gradient_direction=&raquo;left_to_right&raquo; shape_divider_position=&raquo;bottom&raquo; bg_image_animation=&raquo;none&raquo;][vc_column column_padding=&raquo;no-extra-padding&raquo; column_padding_tablet=&raquo;inherit&raquo; column_padding_phone=&raquo;inherit&raquo; column_padding_position=&raquo;all&raquo; column_element_direction_desktop=&raquo;default&raquo; column_element_spacing=&raquo;default&raquo; desktop_text_alignment=&raquo;default&raquo; tablet_text_alignment=&raquo;default&raquo; phone_text_alignment=&raquo;default&raquo; background_color_opacity=&raquo;1&#8243; background_hover_color_opacity=&raquo;1&#8243; column_backdrop_filter=&raquo;none&raquo; column_shadow=&raquo;none&raquo;&#8230;<\/p>\n","protected":false},"author":29,"featured_media":137,"comment_status":"closed","ping_status":"closed","sticky":false,"template":"","format":"standard","meta":{"footnotes":""},"categories":[1],"tags":[],"class_list":["post-136","post","type-post","status-publish","format-standard","has-post-thumbnail","category-aktuelt"],"yoast_head":"<!-- This site is optimized with the Yoast SEO plugin v27.3 - https:\/\/yoast.com\/product\/yoast-seo-wordpress\/ -->\n<title>H\u00f8yesterett behandler sak om ideelle akt\u00f8rer - Grefsenhjemmet<\/title>\n<meta name=\"robots\" content=\"noindex, follow, max-snippet:-1, max-image-preview:large, max-video-preview:-1\" \/>\n<meta property=\"og:locale\" content=\"nb_NO\" \/>\n<meta property=\"og:type\" content=\"article\" \/>\n<meta property=\"og:title\" content=\"H\u00f8yesterett behandler sak om ideelle akt\u00f8rer - Grefsenhjemmet\" \/>\n<meta property=\"og:description\" content=\"[vc_row type=&raquo;in_container&raquo; full_screen_row_position=&raquo;middle&raquo; column_margin=&raquo;default&raquo; column_direction=&raquo;default&raquo; column_direction_tablet=&raquo;default&raquo; column_direction_phone=&raquo;default&raquo; scene_position=&raquo;center&raquo; text_color=&raquo;dark&raquo; text_align=&raquo;left&raquo; row_border_radius=&raquo;none&raquo; row_border_radius_applies=&raquo;bg&raquo; overflow=&raquo;visible&raquo; overlay_strength=&raquo;0.3&#8243; gradient_direction=&raquo;left_to_right&raquo; shape_divider_position=&raquo;bottom&raquo; bg_image_animation=&raquo;none&raquo;][vc_column column_padding=&raquo;no-extra-padding&raquo; column_padding_tablet=&raquo;inherit&raquo; column_padding_phone=&raquo;inherit&raquo; column_padding_position=&raquo;all&raquo; column_element_direction_desktop=&raquo;default&raquo; column_element_spacing=&raquo;default&raquo; desktop_text_alignment=&raquo;default&raquo; tablet_text_alignment=&raquo;default&raquo; phone_text_alignment=&raquo;default&raquo; background_color_opacity=&raquo;1&#8243; background_hover_color_opacity=&raquo;1&#8243; column_backdrop_filter=&raquo;none&raquo; column_shadow=&raquo;none&raquo;...\" \/>\n<meta property=\"og:url\" content=\"https:\/\/www.haraldsplass.org\/grefsenhjemmet\/2025\/11\/27\/hoyesterett-behandler-sak-om-ideelle-aktorer\/\" \/>\n<meta property=\"og:site_name\" content=\"Grefsenhjemmet\" \/>\n<meta property=\"article:published_time\" content=\"2025-11-27T08:29:17+00:00\" \/>\n<meta property=\"og:image\" content=\"http:\/\/www.haraldsplass.org\/grefsenhjemmet\/wp-content\/uploads\/sites\/8\/2025\/11\/52674858563_ccf17772c5_b-1.jpg\" \/>\n\t<meta property=\"og:image:width\" content=\"1024\" \/>\n\t<meta property=\"og:image:height\" content=\"683\" \/>\n\t<meta property=\"og:image:type\" content=\"image\/jpeg\" \/>\n<meta name=\"author\" content=\"klaus\" \/>\n<meta name=\"twitter:card\" content=\"summary_large_image\" \/>\n<meta name=\"twitter:label1\" content=\"Skrevet av\" \/>\n\t<meta name=\"twitter:data1\" content=\"klaus\" \/>\n\t<meta name=\"twitter:label2\" content=\"Ansl. lesetid\" \/>\n\t<meta name=\"twitter:data2\" content=\"4 minutter\" \/>\n<script type=\"application\/ld+json\" class=\"yoast-schema-graph\">{\"@context\":\"https:\\\/\\\/schema.org\",\"@graph\":[{\"@type\":\"Article\",\"@id\":\"https:\\\/\\\/www.haraldsplass.org\\\/grefsenhjemmet\\\/2025\\\/11\\\/27\\\/hoyesterett-behandler-sak-om-ideelle-aktorer\\\/#article\",\"isPartOf\":{\"@id\":\"https:\\\/\\\/www.haraldsplass.org\\\/grefsenhjemmet\\\/2025\\\/11\\\/27\\\/hoyesterett-behandler-sak-om-ideelle-aktorer\\\/\"},\"author\":{\"name\":\"klaus\",\"@id\":\"https:\\\/\\\/www.haraldsplass.org\\\/grefsenhjemmet\\\/#\\\/schema\\\/person\\\/0787673ebc72739256e04521425a626e\"},\"headline\":\"H\u00f8yesterett behandler sak om ideelle akt\u00f8rer\",\"datePublished\":\"2025-11-27T08:29:17+00:00\",\"mainEntityOfPage\":{\"@id\":\"https:\\\/\\\/www.haraldsplass.org\\\/grefsenhjemmet\\\/2025\\\/11\\\/27\\\/hoyesterett-behandler-sak-om-ideelle-aktorer\\\/\"},\"wordCount\":834,\"image\":{\"@id\":\"https:\\\/\\\/www.haraldsplass.org\\\/grefsenhjemmet\\\/2025\\\/11\\\/27\\\/hoyesterett-behandler-sak-om-ideelle-aktorer\\\/#primaryimage\"},\"thumbnailUrl\":\"https:\\\/\\\/www.haraldsplass.org\\\/grefsenhjemmet\\\/wp-content\\\/uploads\\\/sites\\\/8\\\/2025\\\/11\\\/52674858563_ccf17772c5_b-1.jpg\",\"articleSection\":[\"Aktuelt\"],\"inLanguage\":\"nb-NO\"},{\"@type\":\"WebPage\",\"@id\":\"https:\\\/\\\/www.haraldsplass.org\\\/grefsenhjemmet\\\/2025\\\/11\\\/27\\\/hoyesterett-behandler-sak-om-ideelle-aktorer\\\/\",\"url\":\"https:\\\/\\\/www.haraldsplass.org\\\/grefsenhjemmet\\\/2025\\\/11\\\/27\\\/hoyesterett-behandler-sak-om-ideelle-aktorer\\\/\",\"name\":\"H\u00f8yesterett behandler sak om ideelle akt\u00f8rer - Grefsenhjemmet\",\"isPartOf\":{\"@id\":\"https:\\\/\\\/www.haraldsplass.org\\\/grefsenhjemmet\\\/#website\"},\"primaryImageOfPage\":{\"@id\":\"https:\\\/\\\/www.haraldsplass.org\\\/grefsenhjemmet\\\/2025\\\/11\\\/27\\\/hoyesterett-behandler-sak-om-ideelle-aktorer\\\/#primaryimage\"},\"image\":{\"@id\":\"https:\\\/\\\/www.haraldsplass.org\\\/grefsenhjemmet\\\/2025\\\/11\\\/27\\\/hoyesterett-behandler-sak-om-ideelle-aktorer\\\/#primaryimage\"},\"thumbnailUrl\":\"https:\\\/\\\/www.haraldsplass.org\\\/grefsenhjemmet\\\/wp-content\\\/uploads\\\/sites\\\/8\\\/2025\\\/11\\\/52674858563_ccf17772c5_b-1.jpg\",\"datePublished\":\"2025-11-27T08:29:17+00:00\",\"author\":{\"@id\":\"https:\\\/\\\/www.haraldsplass.org\\\/grefsenhjemmet\\\/#\\\/schema\\\/person\\\/0787673ebc72739256e04521425a626e\"},\"breadcrumb\":{\"@id\":\"https:\\\/\\\/www.haraldsplass.org\\\/grefsenhjemmet\\\/2025\\\/11\\\/27\\\/hoyesterett-behandler-sak-om-ideelle-aktorer\\\/#breadcrumb\"},\"inLanguage\":\"nb-NO\",\"potentialAction\":[{\"@type\":\"ReadAction\",\"target\":[\"https:\\\/\\\/www.haraldsplass.org\\\/grefsenhjemmet\\\/2025\\\/11\\\/27\\\/hoyesterett-behandler-sak-om-ideelle-aktorer\\\/\"]}]},{\"@type\":\"ImageObject\",\"inLanguage\":\"nb-NO\",\"@id\":\"https:\\\/\\\/www.haraldsplass.org\\\/grefsenhjemmet\\\/2025\\\/11\\\/27\\\/hoyesterett-behandler-sak-om-ideelle-aktorer\\\/#primaryimage\",\"url\":\"https:\\\/\\\/www.haraldsplass.org\\\/grefsenhjemmet\\\/wp-content\\\/uploads\\\/sites\\\/8\\\/2025\\\/11\\\/52674858563_ccf17772c5_b-1.jpg\",\"contentUrl\":\"https:\\\/\\\/www.haraldsplass.org\\\/grefsenhjemmet\\\/wp-content\\\/uploads\\\/sites\\\/8\\\/2025\\\/11\\\/52674858563_ccf17772c5_b-1.jpg\",\"width\":1024,\"height\":683,\"caption\":\"Foto: Sturlason\\\/H\u00f8yesterett\"},{\"@type\":\"BreadcrumbList\",\"@id\":\"https:\\\/\\\/www.haraldsplass.org\\\/grefsenhjemmet\\\/2025\\\/11\\\/27\\\/hoyesterett-behandler-sak-om-ideelle-aktorer\\\/#breadcrumb\",\"itemListElement\":[{\"@type\":\"ListItem\",\"position\":1,\"name\":\"Hjem\",\"item\":\"https:\\\/\\\/www.haraldsplass.org\\\/grefsenhjemmet\\\/\"},{\"@type\":\"ListItem\",\"position\":2,\"name\":\"H\u00f8yesterett behandler sak om ideelle akt\u00f8rer\"}]},{\"@type\":\"WebSite\",\"@id\":\"https:\\\/\\\/www.haraldsplass.org\\\/grefsenhjemmet\\\/#website\",\"url\":\"https:\\\/\\\/www.haraldsplass.org\\\/grefsenhjemmet\\\/\",\"name\":\"Grefsenhjemmet\",\"description\":\"\",\"potentialAction\":[{\"@type\":\"SearchAction\",\"target\":{\"@type\":\"EntryPoint\",\"urlTemplate\":\"https:\\\/\\\/www.haraldsplass.org\\\/grefsenhjemmet\\\/?s={search_term_string}\"},\"query-input\":{\"@type\":\"PropertyValueSpecification\",\"valueRequired\":true,\"valueName\":\"search_term_string\"}}],\"inLanguage\":\"nb-NO\"},{\"@type\":\"Person\",\"@id\":\"https:\\\/\\\/www.haraldsplass.org\\\/grefsenhjemmet\\\/#\\\/schema\\\/person\\\/0787673ebc72739256e04521425a626e\",\"name\":\"klaus\",\"image\":{\"@type\":\"ImageObject\",\"inLanguage\":\"nb-NO\",\"@id\":\"https:\\\/\\\/secure.gravatar.com\\\/avatar\\\/6e493fa72d3867b5f649c57fe9dbf30e0dd7825fba7c49d42d70c143e4ea0c2d?s=96&d=mm&r=g\",\"url\":\"https:\\\/\\\/secure.gravatar.com\\\/avatar\\\/6e493fa72d3867b5f649c57fe9dbf30e0dd7825fba7c49d42d70c143e4ea0c2d?s=96&d=mm&r=g\",\"contentUrl\":\"https:\\\/\\\/secure.gravatar.com\\\/avatar\\\/6e493fa72d3867b5f649c57fe9dbf30e0dd7825fba7c49d42d70c143e4ea0c2d?s=96&d=mm&r=g\",\"caption\":\"klaus\"},\"url\":\"https:\\\/\\\/www.haraldsplass.org\\\/grefsenhjemmet\\\/author\\\/klaus\\\/\"}]}<\/script>\n<!-- \/ Yoast SEO plugin. -->","yoast_head_json":{"title":"H\u00f8yesterett behandler sak om ideelle akt\u00f8rer - Grefsenhjemmet","robots":{"index":"noindex","follow":"follow","max-snippet":"max-snippet:-1","max-image-preview":"max-image-preview:large","max-video-preview":"max-video-preview:-1"},"og_locale":"nb_NO","og_type":"article","og_title":"H\u00f8yesterett behandler sak om ideelle akt\u00f8rer - Grefsenhjemmet","og_description":"[vc_row type=&raquo;in_container&raquo; full_screen_row_position=&raquo;middle&raquo; column_margin=&raquo;default&raquo; column_direction=&raquo;default&raquo; column_direction_tablet=&raquo;default&raquo; column_direction_phone=&raquo;default&raquo; scene_position=&raquo;center&raquo; text_color=&raquo;dark&raquo; text_align=&raquo;left&raquo; row_border_radius=&raquo;none&raquo; row_border_radius_applies=&raquo;bg&raquo; overflow=&raquo;visible&raquo; overlay_strength=&raquo;0.3&#8243; gradient_direction=&raquo;left_to_right&raquo; shape_divider_position=&raquo;bottom&raquo; bg_image_animation=&raquo;none&raquo;][vc_column column_padding=&raquo;no-extra-padding&raquo; column_padding_tablet=&raquo;inherit&raquo; column_padding_phone=&raquo;inherit&raquo; column_padding_position=&raquo;all&raquo; column_element_direction_desktop=&raquo;default&raquo; column_element_spacing=&raquo;default&raquo; desktop_text_alignment=&raquo;default&raquo; tablet_text_alignment=&raquo;default&raquo; phone_text_alignment=&raquo;default&raquo; background_color_opacity=&raquo;1&#8243; background_hover_color_opacity=&raquo;1&#8243; column_backdrop_filter=&raquo;none&raquo; column_shadow=&raquo;none&raquo;...","og_url":"https:\/\/www.haraldsplass.org\/grefsenhjemmet\/2025\/11\/27\/hoyesterett-behandler-sak-om-ideelle-aktorer\/","og_site_name":"Grefsenhjemmet","article_published_time":"2025-11-27T08:29:17+00:00","og_image":[{"width":1024,"height":683,"url":"http:\/\/www.haraldsplass.org\/grefsenhjemmet\/wp-content\/uploads\/sites\/8\/2025\/11\/52674858563_ccf17772c5_b-1.jpg","type":"image\/jpeg"}],"author":"klaus","twitter_card":"summary_large_image","twitter_misc":{"Skrevet av":"klaus","Ansl. lesetid":"4 minutter"},"schema":{"@context":"https:\/\/schema.org","@graph":[{"@type":"Article","@id":"https:\/\/www.haraldsplass.org\/grefsenhjemmet\/2025\/11\/27\/hoyesterett-behandler-sak-om-ideelle-aktorer\/#article","isPartOf":{"@id":"https:\/\/www.haraldsplass.org\/grefsenhjemmet\/2025\/11\/27\/hoyesterett-behandler-sak-om-ideelle-aktorer\/"},"author":{"name":"klaus","@id":"https:\/\/www.haraldsplass.org\/grefsenhjemmet\/#\/schema\/person\/0787673ebc72739256e04521425a626e"},"headline":"H\u00f8yesterett behandler sak om ideelle akt\u00f8rer","datePublished":"2025-11-27T08:29:17+00:00","mainEntityOfPage":{"@id":"https:\/\/www.haraldsplass.org\/grefsenhjemmet\/2025\/11\/27\/hoyesterett-behandler-sak-om-ideelle-aktorer\/"},"wordCount":834,"image":{"@id":"https:\/\/www.haraldsplass.org\/grefsenhjemmet\/2025\/11\/27\/hoyesterett-behandler-sak-om-ideelle-aktorer\/#primaryimage"},"thumbnailUrl":"https:\/\/www.haraldsplass.org\/grefsenhjemmet\/wp-content\/uploads\/sites\/8\/2025\/11\/52674858563_ccf17772c5_b-1.jpg","articleSection":["Aktuelt"],"inLanguage":"nb-NO"},{"@type":"WebPage","@id":"https:\/\/www.haraldsplass.org\/grefsenhjemmet\/2025\/11\/27\/hoyesterett-behandler-sak-om-ideelle-aktorer\/","url":"https:\/\/www.haraldsplass.org\/grefsenhjemmet\/2025\/11\/27\/hoyesterett-behandler-sak-om-ideelle-aktorer\/","name":"H\u00f8yesterett behandler sak om ideelle akt\u00f8rer - Grefsenhjemmet","isPartOf":{"@id":"https:\/\/www.haraldsplass.org\/grefsenhjemmet\/#website"},"primaryImageOfPage":{"@id":"https:\/\/www.haraldsplass.org\/grefsenhjemmet\/2025\/11\/27\/hoyesterett-behandler-sak-om-ideelle-aktorer\/#primaryimage"},"image":{"@id":"https:\/\/www.haraldsplass.org\/grefsenhjemmet\/2025\/11\/27\/hoyesterett-behandler-sak-om-ideelle-aktorer\/#primaryimage"},"thumbnailUrl":"https:\/\/www.haraldsplass.org\/grefsenhjemmet\/wp-content\/uploads\/sites\/8\/2025\/11\/52674858563_ccf17772c5_b-1.jpg","datePublished":"2025-11-27T08:29:17+00:00","author":{"@id":"https:\/\/www.haraldsplass.org\/grefsenhjemmet\/#\/schema\/person\/0787673ebc72739256e04521425a626e"},"breadcrumb":{"@id":"https:\/\/www.haraldsplass.org\/grefsenhjemmet\/2025\/11\/27\/hoyesterett-behandler-sak-om-ideelle-aktorer\/#breadcrumb"},"inLanguage":"nb-NO","potentialAction":[{"@type":"ReadAction","target":["https:\/\/www.haraldsplass.org\/grefsenhjemmet\/2025\/11\/27\/hoyesterett-behandler-sak-om-ideelle-aktorer\/"]}]},{"@type":"ImageObject","inLanguage":"nb-NO","@id":"https:\/\/www.haraldsplass.org\/grefsenhjemmet\/2025\/11\/27\/hoyesterett-behandler-sak-om-ideelle-aktorer\/#primaryimage","url":"https:\/\/www.haraldsplass.org\/grefsenhjemmet\/wp-content\/uploads\/sites\/8\/2025\/11\/52674858563_ccf17772c5_b-1.jpg","contentUrl":"https:\/\/www.haraldsplass.org\/grefsenhjemmet\/wp-content\/uploads\/sites\/8\/2025\/11\/52674858563_ccf17772c5_b-1.jpg","width":1024,"height":683,"caption":"Foto: Sturlason\/H\u00f8yesterett"},{"@type":"BreadcrumbList","@id":"https:\/\/www.haraldsplass.org\/grefsenhjemmet\/2025\/11\/27\/hoyesterett-behandler-sak-om-ideelle-aktorer\/#breadcrumb","itemListElement":[{"@type":"ListItem","position":1,"name":"Hjem","item":"https:\/\/www.haraldsplass.org\/grefsenhjemmet\/"},{"@type":"ListItem","position":2,"name":"H\u00f8yesterett behandler sak om ideelle akt\u00f8rer"}]},{"@type":"WebSite","@id":"https:\/\/www.haraldsplass.org\/grefsenhjemmet\/#website","url":"https:\/\/www.haraldsplass.org\/grefsenhjemmet\/","name":"Grefsenhjemmet","description":"","potentialAction":[{"@type":"SearchAction","target":{"@type":"EntryPoint","urlTemplate":"https:\/\/www.haraldsplass.org\/grefsenhjemmet\/?s={search_term_string}"},"query-input":{"@type":"PropertyValueSpecification","valueRequired":true,"valueName":"search_term_string"}}],"inLanguage":"nb-NO"},{"@type":"Person","@id":"https:\/\/www.haraldsplass.org\/grefsenhjemmet\/#\/schema\/person\/0787673ebc72739256e04521425a626e","name":"klaus","image":{"@type":"ImageObject","inLanguage":"nb-NO","@id":"https:\/\/secure.gravatar.com\/avatar\/6e493fa72d3867b5f649c57fe9dbf30e0dd7825fba7c49d42d70c143e4ea0c2d?s=96&d=mm&r=g","url":"https:\/\/secure.gravatar.com\/avatar\/6e493fa72d3867b5f649c57fe9dbf30e0dd7825fba7c49d42d70c143e4ea0c2d?s=96&d=mm&r=g","contentUrl":"https:\/\/secure.gravatar.com\/avatar\/6e493fa72d3867b5f649c57fe9dbf30e0dd7825fba7c49d42d70c143e4ea0c2d?s=96&d=mm&r=g","caption":"klaus"},"url":"https:\/\/www.haraldsplass.org\/grefsenhjemmet\/author\/klaus\/"}]}},"_links":{"self":[{"href":"https:\/\/www.haraldsplass.org\/grefsenhjemmet\/wp-json\/wp\/v2\/posts\/136","targetHints":{"allow":["GET"]}}],"collection":[{"href":"https:\/\/www.haraldsplass.org\/grefsenhjemmet\/wp-json\/wp\/v2\/posts"}],"about":[{"href":"https:\/\/www.haraldsplass.org\/grefsenhjemmet\/wp-json\/wp\/v2\/types\/post"}],"author":[{"embeddable":true,"href":"https:\/\/www.haraldsplass.org\/grefsenhjemmet\/wp-json\/wp\/v2\/users\/29"}],"replies":[{"embeddable":true,"href":"https:\/\/www.haraldsplass.org\/grefsenhjemmet\/wp-json\/wp\/v2\/comments?post=136"}],"version-history":[{"count":0,"href":"https:\/\/www.haraldsplass.org\/grefsenhjemmet\/wp-json\/wp\/v2\/posts\/136\/revisions"}],"wp:featuredmedia":[{"embeddable":true,"href":"https:\/\/www.haraldsplass.org\/grefsenhjemmet\/wp-json\/wp\/v2\/media\/137"}],"wp:attachment":[{"href":"https:\/\/www.haraldsplass.org\/grefsenhjemmet\/wp-json\/wp\/v2\/media?parent=136"}],"wp:term":[{"taxonomy":"category","embeddable":true,"href":"https:\/\/www.haraldsplass.org\/grefsenhjemmet\/wp-json\/wp\/v2\/categories?post=136"},{"taxonomy":"post_tag","embeddable":true,"href":"https:\/\/www.haraldsplass.org\/grefsenhjemmet\/wp-json\/wp\/v2\/tags?post=136"}],"curies":[{"name":"wp","href":"https:\/\/api.w.org\/{rel}","templated":true}]}}