{"id":154,"date":"2026-01-12T13:52:14","date_gmt":"2026-01-12T12:52:14","guid":{"rendered":"https:\/\/www.haraldsplass.org\/grefsenhjemmet\/?p=154"},"modified":"2026-01-12T13:52:14","modified_gmt":"2026-01-12T12:52:14","slug":"arets-praksisveileder-i-oslo-jobber-pa-grefsenhjemmet","status":"publish","type":"post","link":"https:\/\/www.haraldsplass.org\/grefsenhjemmet\/2026\/01\/12\/arets-praksisveileder-i-oslo-jobber-pa-grefsenhjemmet\/","title":{"rendered":"\u00c5rets praksisveileder i Oslo jobber p\u00e5 Grefsenhjemmet"},"content":{"rendered":"[vc_row type=&raquo;in_container&raquo; full_screen_row_position=&raquo;middle&raquo; column_margin=&raquo;default&raquo; column_direction=&raquo;default&raquo; column_direction_tablet=&raquo;default&raquo; column_direction_phone=&raquo;default&raquo; scene_position=&raquo;center&raquo; text_color=&raquo;dark&raquo; text_align=&raquo;left&raquo; row_border_radius=&raquo;none&raquo; row_border_radius_applies=&raquo;bg&raquo; overflow=&raquo;visible&raquo; overlay_strength=&raquo;0.3&#8243; gradient_direction=&raquo;left_to_right&raquo; shape_divider_position=&raquo;bottom&raquo; bg_image_animation=&raquo;none&raquo;][vc_column column_padding=&raquo;no-extra-padding&raquo; column_padding_tablet=&raquo;inherit&raquo; column_padding_phone=&raquo;inherit&raquo; column_padding_position=&raquo;all&raquo; column_element_direction_desktop=&raquo;default&raquo; column_element_spacing=&raquo;default&raquo; desktop_text_alignment=&raquo;default&raquo; tablet_text_alignment=&raquo;default&raquo; phone_text_alignment=&raquo;default&raquo; background_color_opacity=&raquo;1&#8243; background_hover_color_opacity=&raquo;1&#8243; column_backdrop_filter=&raquo;none&raquo; column_shadow=&raquo;none&raquo; column_border_radius=&raquo;none&raquo; column_link_target=&raquo;_self&raquo; column_position=&raquo;default&raquo; gradient_direction=&raquo;left_to_right&raquo; overlay_strength=&raquo;0.3&#8243; width=&raquo;1\/1&#8243; tablet_width_inherit=&raquo;default&raquo; animation_type=&raquo;default&raquo; bg_image_animation=&raquo;none&raquo; border_type=&raquo;simple&raquo; column_border_width=&raquo;none&raquo; column_border_style=&raquo;solid&raquo;][vc_column_text css=&raquo;&raquo; text_direction=&raquo;default&raquo;]\n<div class=\"wpb_text_column wpb_content_element \">\n<div class=\"wpb_wrapper\">\n<p>Med faglig trygghet, varme og et stort engasjement for studenter er sykepleier Helle Smedsrud L\u00f8nskog k\u00e5ret til \u00c5rets praksisveileder i Oslo.<\/p>\n<\/div>\n<\/div>\n<div class=\"divider-wrap\" data-alignment=\"default\"><\/div>\n[\/vc_column_text][divider line_type=&raquo;No Line&raquo; custom_height=&raquo;20&#8243;][vc_column_text css=&raquo;&raquo; text_direction=&raquo;default&raquo;]\u2013 Dette er stort. Helle er med sin faglige trygghet og rolige vesen en verdig vinner. Samtidig opplever jeg at dette ogs\u00e5 er en pris til Grefsenhjemmet, sier avdelingssykepleier Eva Merete Thorsen.<\/p>\n<p>Hun ber\u00f8mmer prisvinneren for alltid \u00e5 s\u00f8ke ny kunnskap og for \u00e5 v\u00e6re \u00e5pen for veiledning fra kollegaer.<\/p>\n<h4>Satser p\u00e5 studenter<\/h4>\n<p>\u2013 Hun er ogs\u00e5 flink til \u00e5 gi studentene rom til \u00e5 pr\u00f8ve seg. I tillegg har hun v\u00e6rt med \u00e5 forme Fagskolens kurs om s\u00e5r \u2013 et kurs med 10 vekttall og settes i gang n\u00e5 i mars, sier Thorsen.<\/p>\n<p>Avdelingssykepleieren understreker at Grefsenhjemmet har mange dyktige veiledere, og at arbeidet med studenter er bredt forankret i hele organisasjonen.<\/p>\n<p>\u2013 Vi ser n\u00e5 at det er mange studenter som \u00f8nsker seg til Grefsenhjemmet i praksis. Helsefagarbeiderne gj\u00f8r ogs\u00e5 en fantastisk innsats med \u00e5 ta imot studenter. Dette er veldig hyggelig, sier hun.<\/p>\n<p>N\u00e6rmere 80 nominasjoner kom inn til \u00e5rets pris, fordelt p\u00e5 58 unike veiledere. Selv er L\u00f8nskog b\u00e5de stolt og r\u00f8rt over anerkjennelsen, som er basert p\u00e5 nominasjoner fra praksisstudenter.[\/vc_column_text][divider line_type=&raquo;No Line&raquo; custom_height=&raquo;40&#8243;][image_with_animation image_url=&raquo;156&#8243; image_size=&raquo;full&raquo; animation_type=&raquo;entrance&raquo; animation=&raquo;None&raquo; animation_movement_type=&raquo;transform_y&raquo; hover_animation=&raquo;none&raquo; alignment=&raquo;&raquo; border_radius=&raquo;none&raquo; box_shadow=&raquo;none&raquo; image_loading=&raquo;default&raquo; max_width=&raquo;100%&raquo; max_width_mobile=&raquo;default&raquo;][\/vc_column][\/vc_row][vc_row type=&raquo;in_container&raquo; full_screen_row_position=&raquo;middle&raquo; column_margin=&raquo;default&raquo; column_direction=&raquo;default&raquo; column_direction_tablet=&raquo;default&raquo; column_direction_phone=&raquo;default&raquo; scene_position=&raquo;center&raquo; text_color=&raquo;dark&raquo; text_align=&raquo;left&raquo; row_border_radius=&raquo;none&raquo; row_border_radius_applies=&raquo;bg&raquo; overflow=&raquo;visible&raquo; overlay_strength=&raquo;0.3&#8243; gradient_direction=&raquo;left_to_right&raquo; shape_divider_position=&raquo;bottom&raquo; bg_image_animation=&raquo;none&raquo;][vc_column column_padding=&raquo;no-extra-padding&raquo; column_padding_tablet=&raquo;inherit&raquo; column_padding_phone=&raquo;inherit&raquo; column_padding_position=&raquo;all&raquo; column_element_direction_desktop=&raquo;default&raquo; column_element_spacing=&raquo;default&raquo; desktop_text_alignment=&raquo;default&raquo; tablet_text_alignment=&raquo;default&raquo; phone_text_alignment=&raquo;default&raquo; background_color_opacity=&raquo;1&#8243; background_hover_color_opacity=&raquo;1&#8243; column_backdrop_filter=&raquo;none&raquo; column_shadow=&raquo;none&raquo; column_border_radius=&raquo;none&raquo; column_link_target=&raquo;_self&raquo; column_position=&raquo;default&raquo; gradient_direction=&raquo;left_to_right&raquo; overlay_strength=&raquo;0.3&#8243; width=&raquo;1\/1&#8243; tablet_width_inherit=&raquo;default&raquo; animation_type=&raquo;default&raquo; bg_image_animation=&raquo;none&raquo; border_type=&raquo;simple&raquo; column_border_width=&raquo;none&raquo; column_border_style=&raquo;solid&raquo;][divider line_type=&raquo;Full Width Line&raquo; line_thickness=&raquo;1&#8243; divider_color=&raquo;default&raquo;][\/vc_column][\/vc_row][vc_row type=&raquo;in_container&raquo; full_screen_row_position=&raquo;middle&raquo; column_margin=&raquo;default&raquo; column_direction=&raquo;default&raquo; column_direction_tablet=&raquo;default&raquo; column_direction_phone=&raquo;default&raquo; scene_position=&raquo;center&raquo; text_color=&raquo;dark&raquo; text_align=&raquo;left&raquo; row_border_radius=&raquo;none&raquo; row_border_radius_applies=&raquo;bg&raquo; overflow=&raquo;visible&raquo; overlay_strength=&raquo;0.3&#8243; gradient_direction=&raquo;left_to_right&raquo; shape_divider_position=&raquo;bottom&raquo; bg_image_animation=&raquo;none&raquo;][vc_column column_padding=&raquo;no-extra-padding&raquo; column_padding_tablet=&raquo;inherit&raquo; column_padding_phone=&raquo;inherit&raquo; column_padding_position=&raquo;all&raquo; column_element_direction_desktop=&raquo;default&raquo; column_element_spacing=&raquo;default&raquo; desktop_text_alignment=&raquo;default&raquo; tablet_text_alignment=&raquo;default&raquo; phone_text_alignment=&raquo;default&raquo; background_color_opacity=&raquo;1&#8243; background_hover_color_opacity=&raquo;1&#8243; column_backdrop_filter=&raquo;none&raquo; column_shadow=&raquo;none&raquo; column_border_radius=&raquo;none&raquo; column_link_target=&raquo;_self&raquo; column_position=&raquo;default&raquo; gradient_direction=&raquo;left_to_right&raquo; overlay_strength=&raquo;0.3&#8243; width=&raquo;1\/1&#8243; tablet_width_inherit=&raquo;default&raquo; animation_type=&raquo;default&raquo; bg_image_animation=&raquo;none&raquo; border_type=&raquo;simple&raquo; column_border_width=&raquo;none&raquo; column_border_style=&raquo;solid&raquo;][\/vc_column][\/vc_row][vc_row type=&raquo;in_container&raquo; full_screen_row_position=&raquo;middle&raquo; column_margin=&raquo;default&raquo; column_direction=&raquo;default&raquo; column_direction_tablet=&raquo;default&raquo; column_direction_phone=&raquo;default&raquo; scene_position=&raquo;center&raquo; text_color=&raquo;dark&raquo; text_align=&raquo;left&raquo; row_border_radius=&raquo;none&raquo; row_border_radius_applies=&raquo;bg&raquo; overflow=&raquo;visible&raquo; overlay_strength=&raquo;0.3&#8243; gradient_direction=&raquo;left_to_right&raquo; shape_divider_position=&raquo;bottom&raquo; bg_image_animation=&raquo;none&raquo;][vc_column column_padding=&raquo;no-extra-padding&raquo; column_padding_tablet=&raquo;inherit&raquo; column_padding_phone=&raquo;inherit&raquo; column_padding_position=&raquo;all&raquo; column_element_direction_desktop=&raquo;default&raquo; column_element_spacing=&raquo;default&raquo; desktop_text_alignment=&raquo;default&raquo; tablet_text_alignment=&raquo;default&raquo; phone_text_alignment=&raquo;default&raquo; background_color_opacity=&raquo;1&#8243; background_hover_color_opacity=&raquo;1&#8243; column_backdrop_filter=&raquo;none&raquo; column_shadow=&raquo;none&raquo; column_border_radius=&raquo;none&raquo; column_link_target=&raquo;_self&raquo; column_position=&raquo;default&raquo; gradient_direction=&raquo;left_to_right&raquo; overlay_strength=&raquo;0.3&#8243; width=&raquo;1\/1&#8243; tablet_width_inherit=&raquo;default&raquo; animation_type=&raquo;default&raquo; bg_image_animation=&raquo;none&raquo; border_type=&raquo;simple&raquo; column_border_width=&raquo;none&raquo; column_border_style=&raquo;solid&raquo;][vc_column_text css=&raquo;&raquo; text_direction=&raquo;default&raquo;]\u2013 Jeg ble veldig overrasket. Det er overveldende, og jeg er ekstremt r\u00f8rt over at studentene har tatt seg tid til \u00e5 nominere meg, sier Oslo-kvinnene som denne uken ogs\u00e5 kan feire sin 41-\u00e5rsdag.<\/p>\n<p>I l\u00f8pet av et \u00e5r veileder hun to tredje\u00e5rsstudenter og fire f\u00f8rste\u00e5rsstudenter. Praksisperiodene varer i \u00e5tte uker.<\/p>\n<p>\u2013 Jeg er veldig glad i \u00e5 ha studenter, og opplever at vi l\u00e6rer av hverandre, sier L\u00f8nskog, som sier mye handler om \u00e5 ha v\u00e6re im\u00f8tekommende.<\/p>\n<h4>Kake p\u00e5 Gefsenhjemmet<\/h4>\n<p>N\u00e5 er hun ogs\u00e5 beh\u00f8rig feiret av sine kolleger p\u00e5 Grefsenhjemmet. Det skjedde samme dag som hun fikk en ny student.<\/p>\n<p>\u2013 Det er viktig \u00e5 huske p\u00e5 at alle er forskjellige, slik at praksisen m\u00e5 tilpasses hvor studenten er i l\u00e6ringsl\u00f8pet. Det er ogs\u00e5 viktig \u00e5 bygge relasjon ved \u00e5 v\u00e6re ydmyk og ha respekt for hverandre, sier hun.<\/p>\n<p>&nbsp;<\/p>\n<h5>Juryens begrunnelse:<\/h5>\n<p><em>Kandidaten utmerker seg som praksisveileder gjennom sitt sterke faglige engasjement, sin varme og sine evne til \u00e5 skape trygghet og mestring for studenter. Hun m\u00f8ter studenten med respekt og likeverd, og legger til rette for et l\u00e6ringsmilj\u00f8 preget av samarbeid, refleksjon og gjensidig l\u00e6ring.<\/em><\/p>\n<p><em>Men sin omsorgsfulle tiln\u00e6rming ser hun b\u00e5de studenten og beboerne, og gir alltid det lille ekstra. hennes engasjement og oppf\u00f8lging har gjort praksisperioden til en s\u00e6rlig positiv og inspirerende erfaring, og hun er et tydelig forbilde i sykepleierrollen.<\/em><\/p>\n<p>&nbsp;<\/p>\n<h5>Fra student:<\/h5>\n<p>Allerede fra starten var hun s\u00e5 im\u00f8tekommende og interessert i meg som student.<\/p>\n<p>Hun hadde ikke dette ovenfra-og-ned-blikket, men var tydelig p\u00e5 at \u00abdette gj\u00f8r vi<\/p>\n<p>sammen\u00bb og at vi begge hadde like mye \u00e5 l\u00e6re av hverandre.<\/p>\n<p>Alt i alt ble hun en stor inspirasjon for meg og min kommende karriere som sykepleier.<\/p>\n<p>Hun ser alle rundt seg, bryr seg og gir det lille ekstra for absolutt alle. Dagene hun ikke<\/p>\n<p>var p\u00e5 jobb, og jeg var alene, sendte hun alltid melding og lurte p\u00e5 hvordan det hadde<\/p>\n<p>g\u00e5tt. F\u00f8lte meg s\u00e5 trygg og ivaretatt.[\/vc_column_text][\/vc_column][\/vc_row][vc_row type=&raquo;in_container&raquo; full_screen_row_position=&raquo;middle&raquo; column_margin=&raquo;default&raquo; column_direction=&raquo;default&raquo; column_direction_tablet=&raquo;default&raquo; column_direction_phone=&raquo;default&raquo; scene_position=&raquo;center&raquo; text_color=&raquo;dark&raquo; text_align=&raquo;left&raquo; row_border_radius=&raquo;none&raquo; row_border_radius_applies=&raquo;bg&raquo; overflow=&raquo;visible&raquo; overlay_strength=&raquo;0.3&#8243; gradient_direction=&raquo;left_to_right&raquo; shape_divider_position=&raquo;bottom&raquo; bg_image_animation=&raquo;none&raquo;][vc_column column_padding=&raquo;no-extra-padding&raquo; column_padding_tablet=&raquo;inherit&raquo; column_padding_phone=&raquo;inherit&raquo; column_padding_position=&raquo;all&raquo; column_element_direction_desktop=&raquo;default&raquo; column_element_spacing=&raquo;default&raquo; desktop_text_alignment=&raquo;default&raquo; tablet_text_alignment=&raquo;default&raquo; phone_text_alignment=&raquo;default&raquo; background_color_opacity=&raquo;1&#8243; background_hover_color_opacity=&raquo;1&#8243; column_backdrop_filter=&raquo;none&raquo; column_shadow=&raquo;none&raquo; column_border_radius=&raquo;none&raquo; column_link_target=&raquo;_self&raquo; column_position=&raquo;default&raquo; gradient_direction=&raquo;left_to_right&raquo; overlay_strength=&raquo;0.3&#8243; width=&raquo;1\/1&#8243; tablet_width_inherit=&raquo;default&raquo; animation_type=&raquo;default&raquo; bg_image_animation=&raquo;none&raquo; border_type=&raquo;simple&raquo; column_border_width=&raquo;none&raquo; column_border_style=&raquo;solid&raquo;][image_with_animation image_url=&raquo;157&#8243; image_size=&raquo;full&raquo; animation_type=&raquo;entrance&raquo; animation=&raquo;None&raquo; animation_movement_type=&raquo;transform_y&raquo; hover_animation=&raquo;none&raquo; alignment=&raquo;&raquo; border_radius=&raquo;none&raquo; box_shadow=&raquo;none&raquo; image_loading=&raquo;default&raquo; max_width=&raquo;100%&raquo; max_width_mobile=&raquo;default&raquo;][\/vc_column][\/vc_row]\n","protected":false},"excerpt":{"rendered":"<p>[vc_row type=&raquo;in_container&raquo; full_screen_row_position=&raquo;middle&raquo; column_margin=&raquo;default&raquo; column_direction=&raquo;default&raquo; column_direction_tablet=&raquo;default&raquo; column_direction_phone=&raquo;default&raquo; scene_position=&raquo;center&raquo; text_color=&raquo;dark&raquo; text_align=&raquo;left&raquo; row_border_radius=&raquo;none&raquo; row_border_radius_applies=&raquo;bg&raquo; overflow=&raquo;visible&raquo; overlay_strength=&raquo;0.3&#8243; gradient_direction=&raquo;left_to_right&raquo; shape_divider_position=&raquo;bottom&raquo; bg_image_animation=&raquo;none&raquo;][vc_column column_padding=&raquo;no-extra-padding&raquo; column_padding_tablet=&raquo;inherit&raquo; column_padding_phone=&raquo;inherit&raquo; column_padding_position=&raquo;all&raquo; column_element_direction_desktop=&raquo;default&raquo; column_element_spacing=&raquo;default&raquo; desktop_text_alignment=&raquo;default&raquo; tablet_text_alignment=&raquo;default&raquo; phone_text_alignment=&raquo;default&raquo; background_color_opacity=&raquo;1&#8243; background_hover_color_opacity=&raquo;1&#8243; column_backdrop_filter=&raquo;none&raquo; column_shadow=&raquo;none&raquo;&#8230;<\/p>\n","protected":false},"author":29,"featured_media":155,"comment_status":"closed","ping_status":"closed","sticky":false,"template":"","format":"standard","meta":{"footnotes":""},"categories":[1],"tags":[],"class_list":["post-154","post","type-post","status-publish","format-standard","has-post-thumbnail","category-aktuelt"],"yoast_head":"<!-- This site is optimized with the Yoast SEO plugin v27.3 - https:\/\/yoast.com\/product\/yoast-seo-wordpress\/ -->\n<title>\u00c5rets praksisveileder i Oslo jobber p\u00e5 Grefsenhjemmet - Grefsenhjemmet<\/title>\n<meta name=\"robots\" content=\"noindex, follow, max-snippet:-1, max-image-preview:large, max-video-preview:-1\" \/>\n<meta property=\"og:locale\" content=\"nb_NO\" \/>\n<meta property=\"og:type\" content=\"article\" \/>\n<meta property=\"og:title\" content=\"\u00c5rets praksisveileder i Oslo jobber p\u00e5 Grefsenhjemmet - Grefsenhjemmet\" \/>\n<meta property=\"og:description\" content=\"[vc_row type=&raquo;in_container&raquo; full_screen_row_position=&raquo;middle&raquo; column_margin=&raquo;default&raquo; column_direction=&raquo;default&raquo; column_direction_tablet=&raquo;default&raquo; column_direction_phone=&raquo;default&raquo; scene_position=&raquo;center&raquo; text_color=&raquo;dark&raquo; text_align=&raquo;left&raquo; row_border_radius=&raquo;none&raquo; row_border_radius_applies=&raquo;bg&raquo; overflow=&raquo;visible&raquo; overlay_strength=&raquo;0.3&#8243; gradient_direction=&raquo;left_to_right&raquo; shape_divider_position=&raquo;bottom&raquo; bg_image_animation=&raquo;none&raquo;][vc_column column_padding=&raquo;no-extra-padding&raquo; column_padding_tablet=&raquo;inherit&raquo; column_padding_phone=&raquo;inherit&raquo; column_padding_position=&raquo;all&raquo; column_element_direction_desktop=&raquo;default&raquo; column_element_spacing=&raquo;default&raquo; desktop_text_alignment=&raquo;default&raquo; tablet_text_alignment=&raquo;default&raquo; phone_text_alignment=&raquo;default&raquo; background_color_opacity=&raquo;1&#8243; background_hover_color_opacity=&raquo;1&#8243; column_backdrop_filter=&raquo;none&raquo; column_shadow=&raquo;none&raquo;...\" \/>\n<meta property=\"og:url\" content=\"https:\/\/www.haraldsplass.org\/grefsenhjemmet\/2026\/01\/12\/arets-praksisveileder-i-oslo-jobber-pa-grefsenhjemmet\/\" \/>\n<meta property=\"og:site_name\" content=\"Grefsenhjemmet\" \/>\n<meta property=\"article:published_time\" content=\"2026-01-12T12:52:14+00:00\" \/>\n<meta property=\"og:image\" content=\"http:\/\/www.haraldsplass.org\/grefsenhjemmet\/wp-content\/uploads\/sites\/8\/2026\/01\/prisvinnerfikset.jpg\" \/>\n\t<meta property=\"og:image:width\" content=\"1972\" \/>\n\t<meta property=\"og:image:height\" content=\"1479\" \/>\n\t<meta property=\"og:image:type\" content=\"image\/jpeg\" \/>\n<meta name=\"author\" content=\"klaus\" \/>\n<meta name=\"twitter:card\" content=\"summary_large_image\" \/>\n<meta name=\"twitter:label1\" content=\"Skrevet av\" \/>\n\t<meta name=\"twitter:data1\" content=\"klaus\" \/>\n\t<meta name=\"twitter:label2\" content=\"Ansl. lesetid\" \/>\n\t<meta name=\"twitter:data2\" content=\"5 minutter\" \/>\n<script type=\"application\/ld+json\" class=\"yoast-schema-graph\">{\"@context\":\"https:\\\/\\\/schema.org\",\"@graph\":[{\"@type\":\"Article\",\"@id\":\"https:\\\/\\\/www.haraldsplass.org\\\/grefsenhjemmet\\\/2026\\\/01\\\/12\\\/arets-praksisveileder-i-oslo-jobber-pa-grefsenhjemmet\\\/#article\",\"isPartOf\":{\"@id\":\"https:\\\/\\\/www.haraldsplass.org\\\/grefsenhjemmet\\\/2026\\\/01\\\/12\\\/arets-praksisveileder-i-oslo-jobber-pa-grefsenhjemmet\\\/\"},\"author\":{\"name\":\"klaus\",\"@id\":\"https:\\\/\\\/www.haraldsplass.org\\\/grefsenhjemmet\\\/#\\\/schema\\\/person\\\/0787673ebc72739256e04521425a626e\"},\"headline\":\"\u00c5rets praksisveileder i Oslo jobber p\u00e5 Grefsenhjemmet\",\"datePublished\":\"2026-01-12T12:52:14+00:00\",\"mainEntityOfPage\":{\"@id\":\"https:\\\/\\\/www.haraldsplass.org\\\/grefsenhjemmet\\\/2026\\\/01\\\/12\\\/arets-praksisveileder-i-oslo-jobber-pa-grefsenhjemmet\\\/\"},\"wordCount\":1452,\"image\":{\"@id\":\"https:\\\/\\\/www.haraldsplass.org\\\/grefsenhjemmet\\\/2026\\\/01\\\/12\\\/arets-praksisveileder-i-oslo-jobber-pa-grefsenhjemmet\\\/#primaryimage\"},\"thumbnailUrl\":\"https:\\\/\\\/www.haraldsplass.org\\\/grefsenhjemmet\\\/wp-content\\\/uploads\\\/sites\\\/8\\\/2026\\\/01\\\/prisvinnerfikset.jpg\",\"articleSection\":[\"Aktuelt\"],\"inLanguage\":\"nb-NO\"},{\"@type\":\"WebPage\",\"@id\":\"https:\\\/\\\/www.haraldsplass.org\\\/grefsenhjemmet\\\/2026\\\/01\\\/12\\\/arets-praksisveileder-i-oslo-jobber-pa-grefsenhjemmet\\\/\",\"url\":\"https:\\\/\\\/www.haraldsplass.org\\\/grefsenhjemmet\\\/2026\\\/01\\\/12\\\/arets-praksisveileder-i-oslo-jobber-pa-grefsenhjemmet\\\/\",\"name\":\"\u00c5rets praksisveileder i Oslo jobber p\u00e5 Grefsenhjemmet - Grefsenhjemmet\",\"isPartOf\":{\"@id\":\"https:\\\/\\\/www.haraldsplass.org\\\/grefsenhjemmet\\\/#website\"},\"primaryImageOfPage\":{\"@id\":\"https:\\\/\\\/www.haraldsplass.org\\\/grefsenhjemmet\\\/2026\\\/01\\\/12\\\/arets-praksisveileder-i-oslo-jobber-pa-grefsenhjemmet\\\/#primaryimage\"},\"image\":{\"@id\":\"https:\\\/\\\/www.haraldsplass.org\\\/grefsenhjemmet\\\/2026\\\/01\\\/12\\\/arets-praksisveileder-i-oslo-jobber-pa-grefsenhjemmet\\\/#primaryimage\"},\"thumbnailUrl\":\"https:\\\/\\\/www.haraldsplass.org\\\/grefsenhjemmet\\\/wp-content\\\/uploads\\\/sites\\\/8\\\/2026\\\/01\\\/prisvinnerfikset.jpg\",\"datePublished\":\"2026-01-12T12:52:14+00:00\",\"author\":{\"@id\":\"https:\\\/\\\/www.haraldsplass.org\\\/grefsenhjemmet\\\/#\\\/schema\\\/person\\\/0787673ebc72739256e04521425a626e\"},\"breadcrumb\":{\"@id\":\"https:\\\/\\\/www.haraldsplass.org\\\/grefsenhjemmet\\\/2026\\\/01\\\/12\\\/arets-praksisveileder-i-oslo-jobber-pa-grefsenhjemmet\\\/#breadcrumb\"},\"inLanguage\":\"nb-NO\",\"potentialAction\":[{\"@type\":\"ReadAction\",\"target\":[\"https:\\\/\\\/www.haraldsplass.org\\\/grefsenhjemmet\\\/2026\\\/01\\\/12\\\/arets-praksisveileder-i-oslo-jobber-pa-grefsenhjemmet\\\/\"]}]},{\"@type\":\"ImageObject\",\"inLanguage\":\"nb-NO\",\"@id\":\"https:\\\/\\\/www.haraldsplass.org\\\/grefsenhjemmet\\\/2026\\\/01\\\/12\\\/arets-praksisveileder-i-oslo-jobber-pa-grefsenhjemmet\\\/#primaryimage\",\"url\":\"https:\\\/\\\/www.haraldsplass.org\\\/grefsenhjemmet\\\/wp-content\\\/uploads\\\/sites\\\/8\\\/2026\\\/01\\\/prisvinnerfikset.jpg\",\"contentUrl\":\"https:\\\/\\\/www.haraldsplass.org\\\/grefsenhjemmet\\\/wp-content\\\/uploads\\\/sites\\\/8\\\/2026\\\/01\\\/prisvinnerfikset.jpg\",\"width\":1972,\"height\":1479,\"caption\":\"Sykepleier Helle Smedsrud L\u00f8nskog f\u00e5r prisen av Kine Lauritzen Maarud fra Sykehjemsetaten.\"},{\"@type\":\"BreadcrumbList\",\"@id\":\"https:\\\/\\\/www.haraldsplass.org\\\/grefsenhjemmet\\\/2026\\\/01\\\/12\\\/arets-praksisveileder-i-oslo-jobber-pa-grefsenhjemmet\\\/#breadcrumb\",\"itemListElement\":[{\"@type\":\"ListItem\",\"position\":1,\"name\":\"Hjem\",\"item\":\"https:\\\/\\\/www.haraldsplass.org\\\/grefsenhjemmet\\\/\"},{\"@type\":\"ListItem\",\"position\":2,\"name\":\"\u00c5rets praksisveileder i Oslo jobber p\u00e5 Grefsenhjemmet\"}]},{\"@type\":\"WebSite\",\"@id\":\"https:\\\/\\\/www.haraldsplass.org\\\/grefsenhjemmet\\\/#website\",\"url\":\"https:\\\/\\\/www.haraldsplass.org\\\/grefsenhjemmet\\\/\",\"name\":\"Grefsenhjemmet\",\"description\":\"\",\"potentialAction\":[{\"@type\":\"SearchAction\",\"target\":{\"@type\":\"EntryPoint\",\"urlTemplate\":\"https:\\\/\\\/www.haraldsplass.org\\\/grefsenhjemmet\\\/?s={search_term_string}\"},\"query-input\":{\"@type\":\"PropertyValueSpecification\",\"valueRequired\":true,\"valueName\":\"search_term_string\"}}],\"inLanguage\":\"nb-NO\"},{\"@type\":\"Person\",\"@id\":\"https:\\\/\\\/www.haraldsplass.org\\\/grefsenhjemmet\\\/#\\\/schema\\\/person\\\/0787673ebc72739256e04521425a626e\",\"name\":\"klaus\",\"image\":{\"@type\":\"ImageObject\",\"inLanguage\":\"nb-NO\",\"@id\":\"https:\\\/\\\/secure.gravatar.com\\\/avatar\\\/6e493fa72d3867b5f649c57fe9dbf30e0dd7825fba7c49d42d70c143e4ea0c2d?s=96&d=mm&r=g\",\"url\":\"https:\\\/\\\/secure.gravatar.com\\\/avatar\\\/6e493fa72d3867b5f649c57fe9dbf30e0dd7825fba7c49d42d70c143e4ea0c2d?s=96&d=mm&r=g\",\"contentUrl\":\"https:\\\/\\\/secure.gravatar.com\\\/avatar\\\/6e493fa72d3867b5f649c57fe9dbf30e0dd7825fba7c49d42d70c143e4ea0c2d?s=96&d=mm&r=g\",\"caption\":\"klaus\"},\"url\":\"https:\\\/\\\/www.haraldsplass.org\\\/grefsenhjemmet\\\/author\\\/klaus\\\/\"}]}<\/script>\n<!-- \/ Yoast SEO plugin. -->","yoast_head_json":{"title":"\u00c5rets praksisveileder i Oslo jobber p\u00e5 Grefsenhjemmet - Grefsenhjemmet","robots":{"index":"noindex","follow":"follow","max-snippet":"max-snippet:-1","max-image-preview":"max-image-preview:large","max-video-preview":"max-video-preview:-1"},"og_locale":"nb_NO","og_type":"article","og_title":"\u00c5rets praksisveileder i Oslo jobber p\u00e5 Grefsenhjemmet - Grefsenhjemmet","og_description":"[vc_row type=&raquo;in_container&raquo; full_screen_row_position=&raquo;middle&raquo; column_margin=&raquo;default&raquo; column_direction=&raquo;default&raquo; column_direction_tablet=&raquo;default&raquo; column_direction_phone=&raquo;default&raquo; scene_position=&raquo;center&raquo; text_color=&raquo;dark&raquo; text_align=&raquo;left&raquo; row_border_radius=&raquo;none&raquo; row_border_radius_applies=&raquo;bg&raquo; overflow=&raquo;visible&raquo; overlay_strength=&raquo;0.3&#8243; gradient_direction=&raquo;left_to_right&raquo; shape_divider_position=&raquo;bottom&raquo; bg_image_animation=&raquo;none&raquo;][vc_column column_padding=&raquo;no-extra-padding&raquo; column_padding_tablet=&raquo;inherit&raquo; column_padding_phone=&raquo;inherit&raquo; column_padding_position=&raquo;all&raquo; column_element_direction_desktop=&raquo;default&raquo; column_element_spacing=&raquo;default&raquo; desktop_text_alignment=&raquo;default&raquo; tablet_text_alignment=&raquo;default&raquo; phone_text_alignment=&raquo;default&raquo; background_color_opacity=&raquo;1&#8243; background_hover_color_opacity=&raquo;1&#8243; column_backdrop_filter=&raquo;none&raquo; column_shadow=&raquo;none&raquo;...","og_url":"https:\/\/www.haraldsplass.org\/grefsenhjemmet\/2026\/01\/12\/arets-praksisveileder-i-oslo-jobber-pa-grefsenhjemmet\/","og_site_name":"Grefsenhjemmet","article_published_time":"2026-01-12T12:52:14+00:00","og_image":[{"width":1972,"height":1479,"url":"http:\/\/www.haraldsplass.org\/grefsenhjemmet\/wp-content\/uploads\/sites\/8\/2026\/01\/prisvinnerfikset.jpg","type":"image\/jpeg"}],"author":"klaus","twitter_card":"summary_large_image","twitter_misc":{"Skrevet av":"klaus","Ansl. lesetid":"5 minutter"},"schema":{"@context":"https:\/\/schema.org","@graph":[{"@type":"Article","@id":"https:\/\/www.haraldsplass.org\/grefsenhjemmet\/2026\/01\/12\/arets-praksisveileder-i-oslo-jobber-pa-grefsenhjemmet\/#article","isPartOf":{"@id":"https:\/\/www.haraldsplass.org\/grefsenhjemmet\/2026\/01\/12\/arets-praksisveileder-i-oslo-jobber-pa-grefsenhjemmet\/"},"author":{"name":"klaus","@id":"https:\/\/www.haraldsplass.org\/grefsenhjemmet\/#\/schema\/person\/0787673ebc72739256e04521425a626e"},"headline":"\u00c5rets praksisveileder i Oslo jobber p\u00e5 Grefsenhjemmet","datePublished":"2026-01-12T12:52:14+00:00","mainEntityOfPage":{"@id":"https:\/\/www.haraldsplass.org\/grefsenhjemmet\/2026\/01\/12\/arets-praksisveileder-i-oslo-jobber-pa-grefsenhjemmet\/"},"wordCount":1452,"image":{"@id":"https:\/\/www.haraldsplass.org\/grefsenhjemmet\/2026\/01\/12\/arets-praksisveileder-i-oslo-jobber-pa-grefsenhjemmet\/#primaryimage"},"thumbnailUrl":"https:\/\/www.haraldsplass.org\/grefsenhjemmet\/wp-content\/uploads\/sites\/8\/2026\/01\/prisvinnerfikset.jpg","articleSection":["Aktuelt"],"inLanguage":"nb-NO"},{"@type":"WebPage","@id":"https:\/\/www.haraldsplass.org\/grefsenhjemmet\/2026\/01\/12\/arets-praksisveileder-i-oslo-jobber-pa-grefsenhjemmet\/","url":"https:\/\/www.haraldsplass.org\/grefsenhjemmet\/2026\/01\/12\/arets-praksisveileder-i-oslo-jobber-pa-grefsenhjemmet\/","name":"\u00c5rets praksisveileder i Oslo jobber p\u00e5 Grefsenhjemmet - Grefsenhjemmet","isPartOf":{"@id":"https:\/\/www.haraldsplass.org\/grefsenhjemmet\/#website"},"primaryImageOfPage":{"@id":"https:\/\/www.haraldsplass.org\/grefsenhjemmet\/2026\/01\/12\/arets-praksisveileder-i-oslo-jobber-pa-grefsenhjemmet\/#primaryimage"},"image":{"@id":"https:\/\/www.haraldsplass.org\/grefsenhjemmet\/2026\/01\/12\/arets-praksisveileder-i-oslo-jobber-pa-grefsenhjemmet\/#primaryimage"},"thumbnailUrl":"https:\/\/www.haraldsplass.org\/grefsenhjemmet\/wp-content\/uploads\/sites\/8\/2026\/01\/prisvinnerfikset.jpg","datePublished":"2026-01-12T12:52:14+00:00","author":{"@id":"https:\/\/www.haraldsplass.org\/grefsenhjemmet\/#\/schema\/person\/0787673ebc72739256e04521425a626e"},"breadcrumb":{"@id":"https:\/\/www.haraldsplass.org\/grefsenhjemmet\/2026\/01\/12\/arets-praksisveileder-i-oslo-jobber-pa-grefsenhjemmet\/#breadcrumb"},"inLanguage":"nb-NO","potentialAction":[{"@type":"ReadAction","target":["https:\/\/www.haraldsplass.org\/grefsenhjemmet\/2026\/01\/12\/arets-praksisveileder-i-oslo-jobber-pa-grefsenhjemmet\/"]}]},{"@type":"ImageObject","inLanguage":"nb-NO","@id":"https:\/\/www.haraldsplass.org\/grefsenhjemmet\/2026\/01\/12\/arets-praksisveileder-i-oslo-jobber-pa-grefsenhjemmet\/#primaryimage","url":"https:\/\/www.haraldsplass.org\/grefsenhjemmet\/wp-content\/uploads\/sites\/8\/2026\/01\/prisvinnerfikset.jpg","contentUrl":"https:\/\/www.haraldsplass.org\/grefsenhjemmet\/wp-content\/uploads\/sites\/8\/2026\/01\/prisvinnerfikset.jpg","width":1972,"height":1479,"caption":"Sykepleier Helle Smedsrud L\u00f8nskog f\u00e5r prisen av Kine Lauritzen Maarud fra Sykehjemsetaten."},{"@type":"BreadcrumbList","@id":"https:\/\/www.haraldsplass.org\/grefsenhjemmet\/2026\/01\/12\/arets-praksisveileder-i-oslo-jobber-pa-grefsenhjemmet\/#breadcrumb","itemListElement":[{"@type":"ListItem","position":1,"name":"Hjem","item":"https:\/\/www.haraldsplass.org\/grefsenhjemmet\/"},{"@type":"ListItem","position":2,"name":"\u00c5rets praksisveileder i Oslo jobber p\u00e5 Grefsenhjemmet"}]},{"@type":"WebSite","@id":"https:\/\/www.haraldsplass.org\/grefsenhjemmet\/#website","url":"https:\/\/www.haraldsplass.org\/grefsenhjemmet\/","name":"Grefsenhjemmet","description":"","potentialAction":[{"@type":"SearchAction","target":{"@type":"EntryPoint","urlTemplate":"https:\/\/www.haraldsplass.org\/grefsenhjemmet\/?s={search_term_string}"},"query-input":{"@type":"PropertyValueSpecification","valueRequired":true,"valueName":"search_term_string"}}],"inLanguage":"nb-NO"},{"@type":"Person","@id":"https:\/\/www.haraldsplass.org\/grefsenhjemmet\/#\/schema\/person\/0787673ebc72739256e04521425a626e","name":"klaus","image":{"@type":"ImageObject","inLanguage":"nb-NO","@id":"https:\/\/secure.gravatar.com\/avatar\/6e493fa72d3867b5f649c57fe9dbf30e0dd7825fba7c49d42d70c143e4ea0c2d?s=96&d=mm&r=g","url":"https:\/\/secure.gravatar.com\/avatar\/6e493fa72d3867b5f649c57fe9dbf30e0dd7825fba7c49d42d70c143e4ea0c2d?s=96&d=mm&r=g","contentUrl":"https:\/\/secure.gravatar.com\/avatar\/6e493fa72d3867b5f649c57fe9dbf30e0dd7825fba7c49d42d70c143e4ea0c2d?s=96&d=mm&r=g","caption":"klaus"},"url":"https:\/\/www.haraldsplass.org\/grefsenhjemmet\/author\/klaus\/"}]}},"_links":{"self":[{"href":"https:\/\/www.haraldsplass.org\/grefsenhjemmet\/wp-json\/wp\/v2\/posts\/154","targetHints":{"allow":["GET"]}}],"collection":[{"href":"https:\/\/www.haraldsplass.org\/grefsenhjemmet\/wp-json\/wp\/v2\/posts"}],"about":[{"href":"https:\/\/www.haraldsplass.org\/grefsenhjemmet\/wp-json\/wp\/v2\/types\/post"}],"author":[{"embeddable":true,"href":"https:\/\/www.haraldsplass.org\/grefsenhjemmet\/wp-json\/wp\/v2\/users\/29"}],"replies":[{"embeddable":true,"href":"https:\/\/www.haraldsplass.org\/grefsenhjemmet\/wp-json\/wp\/v2\/comments?post=154"}],"version-history":[{"count":0,"href":"https:\/\/www.haraldsplass.org\/grefsenhjemmet\/wp-json\/wp\/v2\/posts\/154\/revisions"}],"wp:featuredmedia":[{"embeddable":true,"href":"https:\/\/www.haraldsplass.org\/grefsenhjemmet\/wp-json\/wp\/v2\/media\/155"}],"wp:attachment":[{"href":"https:\/\/www.haraldsplass.org\/grefsenhjemmet\/wp-json\/wp\/v2\/media?parent=154"}],"wp:term":[{"taxonomy":"category","embeddable":true,"href":"https:\/\/www.haraldsplass.org\/grefsenhjemmet\/wp-json\/wp\/v2\/categories?post=154"},{"taxonomy":"post_tag","embeddable":true,"href":"https:\/\/www.haraldsplass.org\/grefsenhjemmet\/wp-json\/wp\/v2\/tags?post=154"}],"curies":[{"name":"wp","href":"https:\/\/api.w.org\/{rel}","templated":true}]}}